{"id":157581,"date":"2025-06-06T22:33:10","date_gmt":"2025-06-06T22:33:10","guid":{"rendered":"https:\/\/www.europesays.com\/fr\/157581\/"},"modified":"2025-06-06T22:33:10","modified_gmt":"2025-06-06T22:33:10","slug":"grenoble-une-hotte-prend-feu-dans-la-cuisine-du-restaurant-burger-king","status":"publish","type":"post","link":"https:\/\/www.europesays.com\/fr\/157581\/","title":{"rendered":"Grenoble. Une hotte prend feu dans la cuisine du restaurant Burger King"},"content":{"rendered":"<p>Un incendie s\u2019est d\u00e9clar\u00e9 ce jeudi 5\u00a0juin, peu apr\u00e8s 22\u00a0heures, \u00e0 l\u2019int\u00e9rieur du commerce de restauration rapide Burger King, situ\u00e9 place Victor Hugo, en centre-ville de Grenoble.<\/p>\n<p>Le feu a d\u00e9marr\u00e9 accidentellement dans la cuisine du restaurant, au niveau d\u2019une hotte et s\u2019est propag\u00e9 au conduit d\u2019extraction des fum\u00e9es.<\/p>\n<p>Une dizaine d\u2019employ\u00e9s, ainsi que les nombreux clients, ont rapidement \u00e9t\u00e9 \u00e9vacu\u00e9s, avant m\u00eame l\u2019arriv\u00e9e des sapeurs-pompiers.<\/p>\n<p>Ces derniers ont port\u00e9 assistance \u00e0 deux employ\u00e9s et \u00e0 deux habitants de l\u2019immeuble qui avaient inhal\u00e9 des fum\u00e9es mais leur \u00e9tat de sant\u00e9 n\u2019a pas n\u00e9cessit\u00e9 de transport \u00e0 l\u2019h\u00f4pital. Aucun bless\u00e9 n\u2019est donc \u00e0 d\u00e9plorer.<\/p>\n<p>La circulation des tramways a \u00e9t\u00e9 interrompue le temps de l\u2019intervention des secours.<\/p>\n<p>Les sapeurs-pompiers ont mis en place un important dispositif afin d\u2019\u00e9viter la propagation de l\u2019incendie aux \u00e9tages sup\u00e9rieurs. Une grande \u00e9chelle a ainsi \u00e9t\u00e9 d\u00e9ploy\u00e9e afin de v\u00e9rifier les conduits situ\u00e9s en haut de l\u2019immeuble. Deux lances \u00e0 eau ont \u00e9t\u00e9 utilis\u00e9es et une trentaine de pompiers a \u00e9t\u00e9 mobilis\u00e9e.<\/p>\n<p>Le d\u00e9but d\u2019incendie n\u2019a finalement pas caus\u00e9 d\u2019importants d\u00e9g\u00e2ts ni contraint les employ\u00e9s au ch\u00f4mage technique et le restaurant a pu rouvrir normalement ce vendredi 6\u00a0juin.<\/p>\n","protected":false},"excerpt":{"rendered":"Un incendie s\u2019est d\u00e9clar\u00e9 ce jeudi 5\u00a0juin, peu apr\u00e8s 22\u00a0heures, \u00e0 l\u2019int\u00e9rieur du commerce de restauration rapide Burger&hellip;\n","protected":false},"author":2,"featured_media":157582,"comment_status":"","ping_status":"","sticky":false,"template":"","format":"standard","meta":{"footnotes":""},"categories":[9566],"tags":[1111,11,2430,112,1777,674,274,1011,27,2731,2732,1310,108,12,25],"class_list":{"0":"post-157581","1":"post","2":"type-post","3":"status-publish","4":"format-standard","5":"has-post-thumbnail","7":"category-grenoble","8":"tag-actu","9":"tag-actualites","10":"tag-auvergne-rhone-alpes","11":"tag-edition-grenoble-agglomeration","12":"tag-eu","13":"tag-europe","14":"tag-faits-divers-justice","15":"tag-fr","16":"tag-france","17":"tag-grenoble","18":"tag-grenoble-bassin","19":"tag-incendie","20":"tag-isere","21":"tag-news","22":"tag-republique-francaise"},"share_on_mastodon":{"url":"https:\/\/pubeurope.com\/@fr\/114638802341984369","error":""},"_links":{"self":[{"href":"https:\/\/www.europesays.com\/fr\/wp-json\/wp\/v2\/posts\/157581","targetHints":{"allow":["GET"]}}],"collection":[{"href":"https:\/\/www.europesays.com\/fr\/wp-json\/wp\/v2\/posts"}],"about":[{"href":"https:\/\/www.europesays.com\/fr\/wp-json\/wp\/v2\/types\/post"}],"author":[{"embeddable":true,"href":"https:\/\/www.europesays.com\/fr\/wp-json\/wp\/v2\/users\/2"}],"replies":[{"embeddable":true,"href":"https:\/\/www.europesays.com\/fr\/wp-json\/wp\/v2\/comments?post=157581"}],"version-history":[{"count":0,"href":"https:\/\/www.europesays.com\/fr\/wp-json\/wp\/v2\/posts\/157581\/revisions"}],"wp:featuredmedia":[{"embeddable":true,"href":"https:\/\/www.europesays.com\/fr\/wp-json\/wp\/v2\/media\/157582"}],"wp:attachment":[{"href":"https:\/\/www.europesays.com\/fr\/wp-json\/wp\/v2\/media?parent=157581"}],"wp:term":[{"taxonomy":"category","embeddable":true,"href":"https:\/\/www.europesays.com\/fr\/wp-json\/wp\/v2\/categories?post=157581"},{"taxonomy":"post_tag","embeddable":true,"href":"https:\/\/www.europesays.com\/fr\/wp-json\/wp\/v2\/tags?post=157581"}],"curies":[{"name":"wp","href":"https:\/\/api.w.org\/{rel}","templated":true}]}}