{"id":157583,"date":"2025-06-06T22:34:27","date_gmt":"2025-06-06T22:34:27","guid":{"rendered":"https:\/\/www.europesays.com\/fr\/157583\/"},"modified":"2025-06-06T22:34:27","modified_gmt":"2025-06-06T22:34:27","slug":"la-troupe-chantante-notes-inrennes-sera-en-concert-a-chateaugiron","status":"publish","type":"post","link":"https:\/\/www.europesays.com\/fr\/157583\/","title":{"rendered":"La troupe chantante Notes in\u2019Rennes sera en concert \u00e0 Ch\u00e2teaugiron"},"content":{"rendered":"<p>Vendredi\u00a013 et samedi 14\u00a0juin 2025, plus de 170\u00a0choristes de la troupe Notes in\u2019Rennes se produiront au Z\u00e9phyr de Ch\u00e2teaugiron (Ille-et-Vilaine) le temps de trois repr\u00e9sentations. Au programme du concert figurent plus de vingt\u00a0titres, majoritairement francophones et emprunt\u00e9s \u00e0 Fran\u00e7oise Hardy, \u00c9dith Piaf, Zaho de Sagazan, Calogero, Jacques Higelin, Queen, Patrick Bruel, ainsi qu\u2019\u00e0 bien d\u2019autres artistes de renom.<\/p>\n<p>\u00ab\u00a0Cette ann\u00e9e exceptionnelle sera l\u2019occasion de f\u00eater nos\u00a0dix ans, explique Clotilde Urvoy, la pr\u00e9sidente de Notes in\u2019Rennes. Depuis sa cr\u00e9ation, notre troupe a \u00e9t\u00e9 appr\u00e9ci\u00e9e par plus de 15\u00a0000\u00a0spectateurs. Nous avons interpr\u00e9t\u00e9 200\u00a0chansons francophones et internationales sur sc\u00e8ne. Notre formation attire de plus en plus de choristes. En effet, nous sommes pass\u00e9s de 20\u00a0chanteuses et chanteurs \u00e0 l\u2019origine de l\u2019association \u00e0 plus de 200\u00a0actuellement et c\u2019est avant tout le plaisir de chanter qui nous r\u00e9unit.\u00a0\u00bb<\/p>\n<p><strong>Un spectacle pour la bonne cause<\/strong><\/p>\n<p>Port\u00e9e par l\u2019association Rennes au ch\u0153ur, la troupe r\u00e9unit des adh\u00e9rents \u00e2g\u00e9s de 20 \u00e0 80\u00a0ans qui r\u00e9p\u00e8tent ensemble chaque semaine. Les chanteurs, tous amateurs, sont plac\u00e9s sous la direction de Rodolphe P\u00e9ron, chef du ch\u0153ur, qui dirige \u00e9galement depuis 1992 les Ch\u0153urs de France.<\/p>\n<p>\u00c0 l\u2019occasion de ses dix\u00a0ans, la troupe pr\u00e9sentera un spectacle exceptionnel, un tourbillon musical de plus de deux\u00a0heures o\u00f9 joie et \u00e9nergie seront au rendez-vous. Le concert comportera de nombreuses surprises diff\u00e9rentes lors de chacun des trois r\u00e9citals.<\/p>\n<p><strong>\u00ab\u00a0Ce spectacle, que nous avons voulu \u00e9tonnant et p\u00e9tillant, sera ensuite repris de septembre\u00a0jusqu\u2019\u00e0 mars\u00a02026, dans de nombreuses villes, au profit d\u2019\u0153uvres caritatives\u00a0: France Alzheimer \u00e0 Saint-Brieuc, l\u2019association Le Temps du Regard \u00e0 Pac\u00e9 ou encore le T\u00e9l\u00e9thon \u00e0 Maure-de-Bretagne\u00a0\u00bb,<\/strong> pr\u00e9cise la pr\u00e9sidente de l\u2019association.<\/p>\n<p><strong>Vendredi 13\u00a0juin,<\/strong> \u00e0 20\u00a0h\u00a045, <strong>samedi 14\u00a0juin,<\/strong> \u00e0 16\u00a0h\u00a030 et \u00e0 20\u00a0h\u00a030. Billets en vente sur le site Internet\u00a0: www.notes-in-rennes.org. Tarifs\u00a0: 16\u00a0\u20ac pour les adultes et 8\u00a0\u20ac pour les enfants de moins de 12\u00a0ans.<\/p>\n<p>\u00a0<\/p>\n","protected":false},"excerpt":{"rendered":"Vendredi\u00a013 et samedi 14\u00a0juin 2025, plus de 170\u00a0choristes de la troupe Notes in\u2019Rennes se produiront au Z\u00e9phyr de&hellip;\n","protected":false},"author":2,"featured_media":157584,"comment_status":"","ping_status":"","sticky":false,"template":"","format":"standard","meta":{"footnotes":""},"categories":[2821],"tags":[1111,11,829,28861,28863,1697,1777,674,1011,27,6922,12,28862,3086,584,25,17583],"class_list":{"0":"post-157583","1":"post","2":"type-post","3":"status-publish","4":"format-standard","5":"has-post-thumbnail","7":"category-rennes","8":"tag-actu","9":"tag-actualites","10":"tag-bretagne","11":"tag-chantante","12":"tag-chateaugiron","13":"tag-concert","14":"tag-eu","15":"tag-europe","16":"tag-fr","17":"tag-france","18":"tag-in","19":"tag-news","20":"tag-notes","21":"tag-redon","22":"tag-rennes","23":"tag-republique-francaise","24":"tag-troupe"},"share_on_mastodon":{"url":"https:\/\/pubeurope.com\/@fr\/114638806506195328","error":""},"_links":{"self":[{"href":"https:\/\/www.europesays.com\/fr\/wp-json\/wp\/v2\/posts\/157583","targetHints":{"allow":["GET"]}}],"collection":[{"href":"https:\/\/www.europesays.com\/fr\/wp-json\/wp\/v2\/posts"}],"about":[{"href":"https:\/\/www.europesays.com\/fr\/wp-json\/wp\/v2\/types\/post"}],"author":[{"embeddable":true,"href":"https:\/\/www.europesays.com\/fr\/wp-json\/wp\/v2\/users\/2"}],"replies":[{"embeddable":true,"href":"https:\/\/www.europesays.com\/fr\/wp-json\/wp\/v2\/comments?post=157583"}],"version-history":[{"count":0,"href":"https:\/\/www.europesays.com\/fr\/wp-json\/wp\/v2\/posts\/157583\/revisions"}],"wp:featuredmedia":[{"embeddable":true,"href":"https:\/\/www.europesays.com\/fr\/wp-json\/wp\/v2\/media\/157584"}],"wp:attachment":[{"href":"https:\/\/www.europesays.com\/fr\/wp-json\/wp\/v2\/media?parent=157583"}],"wp:term":[{"taxonomy":"category","embeddable":true,"href":"https:\/\/www.europesays.com\/fr\/wp-json\/wp\/v2\/categories?post=157583"},{"taxonomy":"post_tag","embeddable":true,"href":"https:\/\/www.europesays.com\/fr\/wp-json\/wp\/v2\/tags?post=157583"}],"curies":[{"name":"wp","href":"https:\/\/api.w.org\/{rel}","templated":true}]}}