{"id":157589,"date":"2025-06-06T22:37:09","date_gmt":"2025-06-06T22:37:09","guid":{"rendered":"https:\/\/www.europesays.com\/fr\/157589\/"},"modified":"2025-06-06T22:37:09","modified_gmt":"2025-06-06T22:37:09","slug":"un-pic-de-chaleur-est-attendu-sur-la-france-cette-semaine","status":"publish","type":"post","link":"https:\/\/www.europesays.com\/fr\/157589\/","title":{"rendered":"un pic de chaleur est attendu sur la France cette semaine"},"content":{"rendered":"<p>Les r\u00e9gions de l\u2019est et du centre-est pourraient \u00eatre concern\u00e9es par une vague de chaleur, voire de canicule, en milieu de semaine.<\/p>\n<p class=\"fig-paragraph\">Apr\u00e8s le passage d\u2019un temps orageux sur le centre-est de la France en milieu de semaines, la pluie devrait continuer de s\u2019abattre sur le territoire tricolore au cours de ce week-end prolong\u00e9 de la\u00a0<a href=\"http:\/\/www.lefigaro.fr\/vox\/societe\/ascension-lundi-de-pentecote-ou-l-art-francais-d-avancer-en-s-arretant-20250528\" target=\"_blank\" data-fig-type=\"Article\" rel=\"noopener\" data-gtm-custom-categorie=\"navigation\" data-gtm-custom-action=\"crossclick\" data-gtm-custom-label=\"Contextuel\" data-gtm-event=\"customEventSPE\" data-fig-domain=\"LEFIGARO\">Pentec\u00f4te<\/a>. Cette tendance devrait vite s\u2019inverser au cours de la semaine prochaine, avec un pic de chaleur attendu entre mardi et jeudi, selon\u00a0<a href=\"https:\/\/actualite.lachainemeteo.com\/actualite-meteo\/2025-06-06\/chaleur-la-semaine-prochaine-pic-vague-ou-canicule-78682\" target=\"_blank\" rel=\"noopener\" data-gtm-custom-categorie=\"navigation\" data-gtm-custom-action=\"crossclick\" data-gtm-custom-label=\"Contextuel\" data-gtm-event=\"customEventSPE\">La Cha\u00eene M\u00e9t\u00e9o*<\/a>.<\/p>\n<p>    Le mercure va grimper lors de la semaine prochaine.<br \/>\n                La Cha\u00eene M\u00e9t\u00e9o<\/p>\n<p class=\"fig-paragraph\">L\u2019arriv\u00e9e d\u2019une goutte froide au large du Portugal \u00abva agir comme une v\u00e9ritable pompe \u00e0 chaleur, aspirant de l\u2019air chaud venu du Sahara jusqu\u2019\u00e0 nos latitudes\u00bb. Les temp\u00e9ratures vont donc s\u2019envoler sur la totalit\u00e9 de la France, au-del\u00e0 des normales de saison. \u00abLes r\u00e9gions du sud-ouest seront une nouvelle fois en premi\u00e8re ligne\u00bb, pr\u00e9cise la cha\u00eene m\u00e9t\u00e9orologique. Le thermom\u00e8tre va grimper\u00a0: 35\u00b0C \u00e0 Bordeaux et \u00e0 Nantes, 34\u00b0C \u00e0 Limoges ou encore 32\u00b0C \u00e0 Toulouse et Biarritz. Le reste du pays ne sera pas \u00e9pargn\u00e9 par ces chaleurs\u00a0: 32\u00b0C \u00e0 Marseille, 31\u00b0C \u00e0 Lyon, 30\u00b0C \u00e0 Strasbourg, 28\u00b0C \u00e0 Paris ou encore 27\u00b0C \u00e0 Brest.<\/p>\n<p class=\"fig-paragraph\">En revanche, \u00abl\u2019\u00e9volution au-del\u00e0 de jeudi reste plus incertaine\u00bb, avance La Cha\u00eene M\u00e9t\u00e9o. \u00abSi des orages peuvent venir mettre un terme \u00e0 cet \u00e9pisode d\u00e8s jeudi sur l\u2019ouest de l\u2019hexagone, la chaleur pourrait au contraire s\u2019accrocher sur les r\u00e9gions de l\u2019est et du centre-est\u00bb, poursuit-elle. Ces r\u00e9gions pourraient \u00eatre concern\u00e9es par une vague de chaleur voire une canicule, si \u00ables temp\u00e9ratures maximales et minimales d\u00e9passent les seuils d\u00e9partementaux durant au moins trois jours et trois nuits cons\u00e9cutifs\u00bb entre le Lyonnais, la vall\u00e9e du Rh\u00f4ne et l\u2019Auvergne.<\/p>\n<p class=\"fig-paragraph\">*La Cha\u00eene m\u00e9t\u00e9o est une propri\u00e9t\u00e9 du groupe Le Figaro.<\/p>\n","protected":false},"excerpt":{"rendered":"Les r\u00e9gions de l\u2019est et du centre-est pourraient \u00eatre concern\u00e9es par une vague de chaleur, voire de canicule,&hellip;\n","protected":false},"author":2,"featured_media":157590,"comment_status":"","ping_status":"","sticky":false,"template":"","format":"standard","meta":{"footnotes":""},"categories":[2820],"tags":[1111,11,13208,1777,674,1011,27,775,2487,7750,7752,7751,7749,2357,12,7748,25,640],"class_list":{"0":"post-157589","1":"post","2":"type-post","3":"status-publish","4":"format-standard","5":"has-post-thumbnail","7":"category-strasbourg","8":"tag-actu","9":"tag-actualites","10":"tag-chaleur","11":"tag-eu","12":"tag-europe","13":"tag-fr","14":"tag-france","15":"tag-grand-est","16":"tag-meteo","17":"tag-meteo-aujourdhui","18":"tag-meteo-demain","19":"tag-meteo-du-jour","20":"tag-meteo-paris","21":"tag-meteo-france","22":"tag-news","23":"tag-prevision-meteo","24":"tag-republique-francaise","25":"tag-strasbourg"},"share_on_mastodon":{"url":"https:\/\/pubeurope.com\/@fr\/114638818091020921","error":""},"_links":{"self":[{"href":"https:\/\/www.europesays.com\/fr\/wp-json\/wp\/v2\/posts\/157589","targetHints":{"allow":["GET"]}}],"collection":[{"href":"https:\/\/www.europesays.com\/fr\/wp-json\/wp\/v2\/posts"}],"about":[{"href":"https:\/\/www.europesays.com\/fr\/wp-json\/wp\/v2\/types\/post"}],"author":[{"embeddable":true,"href":"https:\/\/www.europesays.com\/fr\/wp-json\/wp\/v2\/users\/2"}],"replies":[{"embeddable":true,"href":"https:\/\/www.europesays.com\/fr\/wp-json\/wp\/v2\/comments?post=157589"}],"version-history":[{"count":0,"href":"https:\/\/www.europesays.com\/fr\/wp-json\/wp\/v2\/posts\/157589\/revisions"}],"wp:featuredmedia":[{"embeddable":true,"href":"https:\/\/www.europesays.com\/fr\/wp-json\/wp\/v2\/media\/157590"}],"wp:attachment":[{"href":"https:\/\/www.europesays.com\/fr\/wp-json\/wp\/v2\/media?parent=157589"}],"wp:term":[{"taxonomy":"category","embeddable":true,"href":"https:\/\/www.europesays.com\/fr\/wp-json\/wp\/v2\/categories?post=157589"},{"taxonomy":"post_tag","embeddable":true,"href":"https:\/\/www.europesays.com\/fr\/wp-json\/wp\/v2\/tags?post=157589"}],"curies":[{"name":"wp","href":"https:\/\/api.w.org\/{rel}","templated":true}]}}