{"id":157595,"date":"2025-06-06T22:40:10","date_gmt":"2025-06-06T22:40:10","guid":{"rendered":"https:\/\/www.europesays.com\/fr\/157595\/"},"modified":"2025-06-06T22:40:10","modified_gmt":"2025-06-06T22:40:10","slug":"une-nouvelle-parapharmacie-dans-le-centre-ville-de-nantes-rue-du-calvaire","status":"publish","type":"post","link":"https:\/\/www.europesays.com\/fr\/157595\/","title":{"rendered":"Une nouvelle parapharmacie dans le centre-ville de Nantes, rue du Calvaire"},"content":{"rendered":"<p>En bas de la rue du Calvaire \u00e0 Nantes, pr\u00e8s du man\u00e8ge, une nouvelle boutique, la Parapharmacie de Paris <a href=\"https:\/\/nantes.maville.com\/actu\/actudet_-une-parapharmacie-ouvre-au-printemps-a-la-place-du-chausseur-andre-rue-du-calvaire-a-nantes-_8-6638354_actu.Htm?utm_source=troove&amp;utm_medium=site\" target=\"_blank\" rel=\"noopener\">vient d\u2019ouvrir<\/a>, \u00e0 l\u2019emplacement de l\u2019ancien magasin de chaussures Andr\u00e9, ferm\u00e9 en 2023. L\u2019\u00e9tablissement, d\u2019une surface de pr\u00e8s de 300\u00a0m\u00b2, est sp\u00e9cialis\u00e9, comme son nom l\u2019indique, dans la vente de produits de parapharmacie.<\/p>\n<p>Des parts dans plusieurs pharmacies nantaises<\/p>\n<p>Derri\u00e8re cette ouverture, il y a Teddy Robert, le pr\u00e9sident de l\u2019entreprise Pharmacie Robert, qui poss\u00e8de la Grande pharmacie de Paris, place Royale, la plus grande officine de la ville. Le dirigeant d\u00e9tient \u00e9galement des parts minoritaires dans sept autres \u00e9tablissements, tous confi\u00e9s \u00e0 des g\u00e9rants\u00a0: la pharmacie Saint-Nicolas, la pharmacie du Pilori, la pharmacie du Centre all\u00e9e Brancas, la pharmacie de Feydeau, la pharmacie de la gare SNCF et celles du Sillon de Bretagne, \u00e0 Saint-Herblain, et de l\u2019Eraudi\u00e8re, \u00e0 Nantes-est.<\/p>\n<p>\u00a0<\/p>\n","protected":false},"excerpt":{"rendered":"En bas de la rue du Calvaire \u00e0 Nantes, pr\u00e8s du man\u00e8ge, une nouvelle boutique, la Parapharmacie de&hellip;\n","protected":false},"author":2,"featured_media":157596,"comment_status":"","ping_status":"","sticky":false,"template":"","format":"standard","meta":{"footnotes":""},"categories":[2818],"tags":[1111,11,21338,11898,1777,674,1011,27,766,12,2043,28864,2636,25,6689,3640,9693],"class_list":{"0":"post-157595","1":"post","2":"type-post","3":"status-publish","4":"format-standard","5":"has-post-thumbnail","7":"category-nantes","8":"tag-actu","9":"tag-actualites","10":"tag-calvaire","11":"tag-centre-ville","12":"tag-eu","13":"tag-europe","14":"tag-fr","15":"tag-france","16":"tag-nantes","17":"tag-news","18":"tag-nouvelle","19":"tag-parapharmacie","20":"tag-pays-de-la-loire","21":"tag-republique-francaise","22":"tag-roche","23":"tag-rue","24":"tag-yon"},"share_on_mastodon":{"url":"https:\/\/pubeurope.com\/@fr\/114638829885143459","error":""},"_links":{"self":[{"href":"https:\/\/www.europesays.com\/fr\/wp-json\/wp\/v2\/posts\/157595","targetHints":{"allow":["GET"]}}],"collection":[{"href":"https:\/\/www.europesays.com\/fr\/wp-json\/wp\/v2\/posts"}],"about":[{"href":"https:\/\/www.europesays.com\/fr\/wp-json\/wp\/v2\/types\/post"}],"author":[{"embeddable":true,"href":"https:\/\/www.europesays.com\/fr\/wp-json\/wp\/v2\/users\/2"}],"replies":[{"embeddable":true,"href":"https:\/\/www.europesays.com\/fr\/wp-json\/wp\/v2\/comments?post=157595"}],"version-history":[{"count":0,"href":"https:\/\/www.europesays.com\/fr\/wp-json\/wp\/v2\/posts\/157595\/revisions"}],"wp:featuredmedia":[{"embeddable":true,"href":"https:\/\/www.europesays.com\/fr\/wp-json\/wp\/v2\/media\/157596"}],"wp:attachment":[{"href":"https:\/\/www.europesays.com\/fr\/wp-json\/wp\/v2\/media?parent=157595"}],"wp:term":[{"taxonomy":"category","embeddable":true,"href":"https:\/\/www.europesays.com\/fr\/wp-json\/wp\/v2\/categories?post=157595"},{"taxonomy":"post_tag","embeddable":true,"href":"https:\/\/www.europesays.com\/fr\/wp-json\/wp\/v2\/tags?post=157595"}],"curies":[{"name":"wp","href":"https:\/\/api.w.org\/{rel}","templated":true}]}}