{"id":1576,"date":"2025-04-03T22:39:11","date_gmt":"2025-04-03T22:39:11","guid":{"rendered":"https:\/\/www.europesays.com\/fr\/1576\/"},"modified":"2025-04-03T22:39:11","modified_gmt":"2025-04-03T22:39:11","slug":"une-bonne-politique-de-transition-ecologique","status":"publish","type":"post","link":"https:\/\/www.europesays.com\/fr\/1576\/","title":{"rendered":"une bonne politique de transition \u00e9cologique ?"},"content":{"rendered":"<p>Avant de parler des ZFE, nous devrions rappeler un fait\u00a0: la pollution de l\u2019air est un probl\u00e8me majeur de sant\u00e9 publique en France, avec 40\u00a0000 d\u00e9c\u00e8s attribuables en France chaque ann\u00e9e aux particules fines (PM2,5) selon<a href=\"https:\/\/www.santepubliquefrance.fr\/presse\/2021\/pollution-de-l-air-ambiant-nouvelles-estimations-de-son-impact-sur-la-sante-des-francais\" rel=\"nofollow noopener\" target=\"_blank\"> Sant\u00e9 Publique France<\/a>. Un Fran\u00e7ais perd en moyenne 8 mois d\u2019esp\u00e9rance de vie en lien avec l\u2019exposition aux particules fines. Par ailleurs, la pollution aux oxydes d\u2019azote (NOx) serait responsable de 7\u00a0000 d\u00e9c\u00e8s par an.<\/p>\n<p>Le secteur des transports n\u2019est certes pas le seul responsable des \u00e9missions de polluants mais c\u2019est un contributeur majeur\u00a0: \u00e0 l\u2019\u00e9chelle nationale, pr\u00e8s de la moiti\u00e9 des NOx et 10% des particules fines sont \u00e9mises par les voitures et les poids lourds.\u00a0<\/p>\n<p>Mais cette moyenne nationale ne dit pas grand-chose de l\u2019exposition de la population. 80% des Fran\u00e7ais vivent en ville et la pollution de l\u2019air qu\u2019ils y respirent est encore davantage caus\u00e9e par les transports\u00a0: le trafic routier est par exemple responsable de 65% des NOx et 35% des particules (PM2,5) \u00e0<a href=\"https:\/\/www.paris.fr\/pages\/etat-des-lieux-de-la-qualite-de-l-air-a-paris-7101\" rel=\"nofollow noopener\" target=\"_blank\"> Paris<\/a>, de 65% des NOx, 28% des PM2,5 et 33% des PM10 dans<a href=\"https:\/\/www.calameo.com\/mel-metropole-europeenne-de-lille\/read\/005117137dfb2dac30423\" rel=\"nofollow noopener\" target=\"_blank\"> la M\u00e9tropole de Lille<\/a>\u2026<\/p>\n<p>Dans ce contexte, les ZFE sont-elles une bonne politique de transition \u00e9cologique, et quels sont les enjeux principaux pour s\u2019assurer de r\u00e9aliser une politique qui n\u2019exclut personne\u00a0?<\/p>\n<p><strong>C\u2019est quoi les Zones \u00e0 faibles \u00e9missions (ZFE)\u00a0?<\/strong><\/p>\n<p>La<a href=\"https:\/\/www.ecologie.gouv.fr\/politiques-publiques\/zones-faibles-emissions-zfe\" rel=\"nofollow noopener\" target=\"_blank\"> Minist\u00e8re des transports<\/a> d\u00e9finit la ZFE comme \u00ab une zone comportant des voies routi\u00e8res o\u00f9 la circulation des v\u00e9hicules les plus polluants est restreinte, selon des modalit\u00e9s sp\u00e9cifiques d\u00e9finies par la collectivit\u00e9 \u00bb.\u00a0<\/p>\n<p>Les niveaux de pollution des v\u00e9hicules correspondent \u00e0 leurs \u00ab\u00a0normes EURO\u00a0\u00bb, qui sont entr\u00e9es en vigueur au cours du temps, d\u00e9finissant des plafonds d\u2019\u00e9mission de polluants pour les v\u00e9hicules neufs. Les v\u00e9hicules se voient donc attribuer une vignette Crit\u2019Air qui d\u00e9pend de leur motorisation (essence ou diesel) et leur ann\u00e9e de mise en circulation.<\/p>\n<p>Au vu du d\u00e9veloppement des filtres \u00e0 particules ainsi que des pots catalytiques (permettant de limiter les \u00e9missions d\u2019oxydes d\u2019azote, les NOx), les \u00e9missions \u00e0 l\u2019\u00e9chappement des v\u00e9hicules ont fortement diminu\u00e9 au fur et \u00e0 mesure des ann\u00e9es et des nouvelles normes de pollution des voitures.<\/p>\n<p>A noter que les normes EURO sur lesquelles se basent les vignettes Crit\u2019Air ne concernent que les \u00e9missions \u00e0 l\u2019\u00e9chappement, mais pas les \u00e9missions de particules hors \u00e9chappement (abrasion des pneus ou des freins). Elles ne concernent pas non plus les \u00e9missions de CO\u2082 qui impactent le climat, mais uniquement les \u00e9missions de polluants impactant la sant\u00e9, le terme de \u201czones \u00e0 faibles \u00e9missions\u201d pouvant pr\u00eater \u00e0 confusion.<\/p>\n<p><img loading=\"lazy\" decoding=\"async\" width=\"1024\" height=\"445\" src=\"https:\/\/www.europesays.com\/fr\/wp-content\/uploads\/2025\/04\/Vignette-crit-air-article-ZFE-1024x445.jpg\" alt=\"D\u00e9finition des vignettes Crit\u2019Air et \u00e9missions moyennes associ\u00e9es de PM2,5 et NOx&#10;Sources\u00a0: Minist\u00e8re\u00a0; Citepa (base OMINEA) et ADEME\" class=\"lazyload wp-image-32862\"  data-\/>D\u00e9finition des vignettes Crit\u2019Air et \u00e9missions moyennes associ\u00e9es de PM2,5 et NOx<br \/>Sources\u00a0: <a href=\"https:\/\/www.ecologie.gouv.fr\/politiques-publiques\/certificats-qualite-lair-critair\" rel=\"nofollow noopener\" target=\"_blank\">Minist\u00e8re<\/a> ; Citepa (base <a href=\"https:\/\/www.citepa.org\/donnees-air-climat\/methodologie-de-linventaire-ominea\/\" rel=\"nofollow noopener\" target=\"_blank\">OMINEA<\/a>) et ADEMELes ZFE existantes, en France et en Europe<\/p>\n<p>En 2021, l\u2019instauration d\u2019une ZFE est rendue obligatoire pour les agglom\u00e9rations de plus de 150\u00a0000 habitants en France m\u00e9tropolitaine qui d\u00e9passent les valeurs guides recommand\u00e9es par l\u2019Organisation Mondiale de la Sant\u00e9 (OMS). Elle devait \u00eatre mise en place au plus tard au 31 d\u00e9cembre 2024. On compte \u00e0 ce jour 25 ZFE actives en France et 15 qui restent \u00e0 cr\u00e9er.<\/p>\n<p>Toutefois, une grande partie des ZFE cens\u00e9es \u00eatre actives ne font pas encore l\u2019objet de contr\u00f4les, et de tr\u00e8s peu de communication localement.\u00a0<\/p>\n<p>D\u00e9but 2025, les restrictions les plus importantes s\u2019appliquent aujourd\u2019hui pour les agglom\u00e9rations de Paris et Lyon, o\u00f9 les ZFE limitent la circulation des v\u00e9hicules \u00e0 partir des vignettes Crit\u2019Air 3, avec cependant un certain nombre de d\u00e9rogations explicit\u00e9es sur le site <a href=\"https:\/\/mieuxrespirerenville.gouv.fr\/fiches-thematique\/derogations\" rel=\"nofollow noopener\" target=\"_blank\">Mieux respirer en ville<\/a>.<\/p>\n<p><img loading=\"lazy\" decoding=\"async\" width=\"978\" height=\"1024\" src=\"https:\/\/www.europesays.com\/fr\/wp-content\/uploads\/2025\/04\/Deploiement-des-ZFE-en-France--978x1024.jpg\" alt=\"D\u00e9ploiement des ZFE en France\" class=\"lazyload wp-image-32864\" style=\"width:498px;height:auto\"  data-\/><a href=\"https:\/\/www.ecologie.gouv.fr\/politiques-publiques\/zones-faibles-emissions-zfe\" rel=\"nofollow noopener\" target=\"_blank\">D\u00e9ploiement des ZFE en France<\/a>Plus de 300 ZFE en Europe<\/p>\n<p>Les ZFE sont loin d\u2019\u00eatre une sp\u00e9cificit\u00e9 fran\u00e7aise et elles existent dans de nombreux pays. En 2023, l\u2019ADEME a recens\u00e9<a href=\"https:\/\/librairie.ademe.fr\/air\/6376-benchmark-des-zones-a-faibles-emissions-mobilite-a-travers-l-europe.html\" rel=\"nofollow noopener\" target=\"_blank\"> 315 ZFE en Europe<\/a>, situ\u00e9es notamment en Italie, en Allemagne, aux Pays-Bas, en Autriche ou encore au Royaume-Uni.<\/p>\n<p>Comme le rappelle l\u2019avocat<a href=\"https:\/\/bsky.app\/profile\/arnaudgossement.bsky.social\/post\/3llcdz6pubd2r\" rel=\"nofollow noopener\" target=\"_blank\"> Arnaud Gossement<\/a>, le droit de l\u2019environnement est d\u2019abord un droit de l\u2019Union europ\u00e9enne. La France doit transposer et respecter la directive 2008\/50\/CE du 21 mai 2008 concernant la qualit\u00e9 de l\u2019air ambiant et un air pur pour l\u2019Europe.<\/p>\n<p>Cette directive impose aux \u00c9tats d\u2019\u00e9tablir un zonage des parties du territoire o\u00f9 les valeurs limites de certains polluants sont d\u00e9pass\u00e9es et \u00e9tablir des plans d\u2019action, notamment pour r\u00e9duire la pollution automobile. Si les ZFE devaient \u00eatre supprim\u00e9es et qu\u2019elles n\u2019\u00e9taient pas remplac\u00e9es par des mesures d\u2019une port\u00e9e similaire, la France serait en infraction avec le droit de l\u2019UE sur la qualit\u00e9 de l\u2019air.<\/p>\n<p>De mani\u00e8re plus g\u00e9n\u00e9rale, la France a d\u00e9j\u00e0 \u00e9t\u00e9 condamn\u00e9e par la Cour de justice de l\u2019UE pour manquement \u00e0 ses obligations de lutte contre la pollution de l\u2019air, et<a href=\"https:\/\/www.conseil-etat.fr\/actualites\/pollution-de-l-air\" rel=\"nofollow noopener\" target=\"_blank\"> enjointe par le Conseil d\u2019Etat<\/a> de prendre toutes les mesures n\u00e9cessaires pour ramener les concentrations en dioxyde d\u2019azote (NO2) et en particules PM10 sous les valeurs limites.\u00a0<\/p>\n<p><strong>Quels sont les effets d\u2019une ZFE\u00a0?<\/strong><\/p>\n<p>Il faut d\u2019abord noter qu\u2019il existe des difficult\u00e9s m\u00e9thodologiques pour \u00e9valuer la contribution particuli\u00e8re de la ZFE \u00e0 l\u2019am\u00e9lioration de la qualit\u00e9 de l\u2019air\u00a0:<\/p>\n<ul class=\"wp-block-list\">\n<li>La ZFE s\u2019inscrit dans un contexte g\u00e9n\u00e9ral avec des changements en cours\u00a0: renouvellement progressif du parc vers des v\u00e9hicules plus r\u00e9cents (m\u00eame sans ZFE), nouvelles lignes de transport collectif, d\u00e9veloppement du v\u00e9lo, mesures additionnelles de r\u00e9duction de la place de la voiture\u2026<\/li>\n<li>La pluviom\u00e9trie ou encore le vent influent fortement sur les polluants et il n\u2019est pas toujours \u00e9vident de quantifier l\u2019impact d\u2019une action \u00e0 partir de l\u2019\u00e9volution dans le temps des concentrations de polluants.<\/li>\n<li>Les polluants sont \u00e9mis par diff\u00e9rentes sources (chauffage au bois, industrie, agriculture, transports\u2026) et le r\u00e9sultat est influenc\u00e9 par d\u2019autres secteurs que les transports.<\/li>\n<\/ul>\n<p>Effets d\u2019une ZFE sur la pollution de l\u2019air et la sant\u00e9<\/p>\n<p>Diminuer la pollution de l\u2019air est le principal objectif des ZFE. La litt\u00e9rature scientifique montre des r\u00e9sultats probants dans plusieurs villes europ\u00e9ennes\u00a0:<\/p>\n<ul class=\"wp-block-list\">\n<li>A<a href=\"https:\/\/www.london.gov.uk\/programmes-strategies\/environment-and-climate-change\/environment-and-climate-change-publications\/london-wide-ultra-low-emission-zone-one-year-report\" rel=\"nofollow noopener\" target=\"_blank\"> Londres<\/a>, l\u2019estimation de l\u2019effet de la ZFE est\u00a0:\n<ul class=\"wp-block-list\">\n<li>une diminution des concentrations de NOx de plus de 20% dans le p\u00e9rim\u00e8tre de la ZFE, et jusqu\u2019\u00e0 53% dans l\u2019hypercentre,<\/li>\n<li>une baisse des \u00e9missions de particules fines de l\u2019ordre de 20% sur le p\u00e9rim\u00e8tre concern\u00e9.<\/li>\n<\/ul>\n<\/li>\n<li>A<a href=\"https:\/\/www.sciencedirect.com\/science\/article\/abs\/pii\/S0301479721021101\" rel=\"nofollow noopener\" target=\"_blank\"> Berlin et Munich<\/a>, il a \u00e9t\u00e9 mesur\u00e9 une diminution des concentrations de PM10 de respectivement 3,4% (jusqu\u2019\u00e0 10,5% \u00e0 proximit\u00e9 d\u2019infrastructures routi\u00e8res) et 9,2% (jusqu\u2019\u00e0 14,8%). Cependant, les analyses montrent que sur les NOx, l\u2019\u00e9volution n\u2019est pas significative.<\/li>\n<li>A<a href=\"https:\/\/www.sciencedirect.com\/science\/article\/abs\/pii\/S1361920920308737\" rel=\"nofollow noopener\" target=\"_blank\"> Madrid<\/a>, il a \u00e9t\u00e9 mesur\u00e9 une diminution de la concentration en particules comprise entre 23 et 34% au sein du p\u00e9rim\u00e8tre concern\u00e9. De plus, il n\u2019a pas \u00e9t\u00e9 observ\u00e9 d\u2019augmentation des niveaux de pollution en dehors de la zone qui serait li\u00e9e \u00e0 d\u2019\u00e9ventuels reports de trafic.<\/li>\n<li>A<a href=\"https:\/\/www.sciencedirect.com\/science\/article\/abs\/pii\/S1352231015304064\" rel=\"nofollow noopener\" target=\"_blank\"> Lisbonne<\/a>, il a \u00e9t\u00e9 mesur\u00e9 une diminution des concentrations \u00e0 la fois de NOx (-12%) et de particules PM10 (-23%).<\/li>\n<\/ul>\n<p>Dans les 3 premiers cas, il s\u2019agit de l\u2019effet propre des ZFE et les auteurs ont isol\u00e9 les effets des autres mesures et du contexte g\u00e9n\u00e9ral. Concernant Lisbonne, il s\u2019agit de diff\u00e9rences sur une plus longue p\u00e9riode, qui peuvent \u00eatre influenc\u00e9s partiellement par d\u2019autres ph\u00e9nom\u00e8nes.<\/p>\n<p>Ces bons r\u00e9sultats sur les concentrations de polluants se traduisent-ils par une meilleure sant\u00e9 publique\u00a0? Une<a href=\"https:\/\/www.iza.org\/publications\/dp\/12545\/low-emission-zones-for-better-health-evidence-from-german-hospitals\" rel=\"nofollow noopener\" target=\"_blank\"> \u00e9tude sur les ZFE d\u00e9ploy\u00e9es en Allemagne<\/a> a montr\u00e9 qu\u2019elles ont permis de r\u00e9duire la pr\u00e9valence de certaines affections de l\u2019ordre de 2 \u00e0 4% comme les maladies circulatoires et les maladies chroniques des voies respiratoires inf\u00e9rieures.<\/p>\n<p>Effets d\u2019une ZFE sur le renouvellement du parc automobile et la mobilit\u00e9<\/p>\n<p>Les diff\u00e9rents cas \u00e9tudi\u00e9s s\u2019accordent sur le fait que la ZFE permet d\u2019acc\u00e9l\u00e9rer le renouvellement du parc automobile et de sortir de la circulation les v\u00e9hicules cibl\u00e9s, du moins au sein de la zone concern\u00e9e, sans compter les exemptions souvent existantes.<\/p>\n<p>Ce renouvellement est en cours naturellement, ce qui limite progressivement le nombre et la proportion de v\u00e9hicules potentiellement concern\u00e9s par une restriction donn\u00e9e. Par exemple, en moyenne nationale en France, les v\u00e9hicules Crit\u2019Air 4, 5 et non-class\u00e9s repr\u00e9sentaient 50\u00a0% du parc d\u00e9but 2011, 20\u00a0% du parc d\u00e9but 2019, et <a href=\"https:\/\/www.statistiques.developpement-durable.gouv.fr\/donnees-sur-le-parc-automobile-francais-au-1er-janvier-2024\" rel=\"nofollow noopener\" target=\"_blank\">un peu moins de 10\u00a0% d\u00e9but 2024<\/a>.<\/p>\n<p><img loading=\"lazy\" decoding=\"async\" width=\"1024\" height=\"614\" src=\"https:\/\/www.europesays.com\/fr\/wp-content\/uploads\/2025\/04\/Vignette-Crit-air-1024x614.jpg\" alt=\"&#10;Proportion des vignettes Crit\u2019Air dans le parc de voitures en France&#10;Source\u00a0: SDES, 2024\" class=\"lazyload wp-image-32866\" style=\"width:573px;height:auto\"  data-\/>Proportion des vignettes Crit\u2019Air dans le parc de voitures en France<br \/>Source\u00a0: <a href=\"https:\/\/www.statistiques.developpement-durable.gouv.fr\/donnees-sur-le-parc-automobile-francais-au-1er-janvier-2024\" rel=\"nofollow noopener\" target=\"_blank\">SDES, 2024<\/a><\/p>\n<p>En plus des effets sur le parc, on observe \u00e9galement dans les ZFE existantes une diminution de l\u2019usage de la voiture ainsi que des effets de report modal, avec une augmentation de la fr\u00e9quentation des transports collectifs et de l\u2019usage du v\u00e9lo\u00a0:<\/p>\n<ul class=\"wp-block-list\">\n<li>A<a href=\"https:\/\/www.sciencedirect.com\/science\/article\/pii\/S2210670721008283\" rel=\"nofollow noopener\" target=\"_blank\"> Madrid<\/a>, une enqu\u00eate a montr\u00e9 que pour acc\u00e9der \u00e0 la ZFE, l\u2019usage de la voiture a fortement recul\u00e9 (-28,5 points de part modale) au profit des transports collectifs (+8,9 points) et du v\u00e9lo (+8,2 points).<\/li>\n<li>A <a href=\"https:\/\/www.lez.brussels\/medias\/RAPP-2020-LEZ-FR-FINAL.pdf?context=bWFzdGVyfHBkZnwyMjkwMDg4fGFwcGxpY2F0aW9uL3BkZnxoZTQvaGQxLzg4NDIzMjg3MzU3NzQvUkFQUF8yMDIwX0xFWl9GUl9GSU5BTC5wZGZ8NTk4MjhjNzBlYzE4M2Q2ZmU3NzZiNjIwOTc4Y2Q4ODhjNGQ0NDY0OWQ0ZjRkNzJhZTdiNmNhNzZkOWJhNThmNg\" rel=\"nofollow noopener\" target=\"_blank\">Bruxelles<\/a>, une enqu\u00eate a montr\u00e9 que parmi les bruxellois poss\u00e9dant un v\u00e9hicule concern\u00e9 par les interdictions de la circulation, 49% ont remplac\u00e9 leur v\u00e9hicule alors que 15% s\u2019en sont s\u00e9par\u00e9s sans le remplacer. Et 25\u00a0% se sont abonn\u00e9s aux services de transports en commun, \u00e0 des services de mobilit\u00e9 partag\u00e9e, ou ont achet\u00e9 un v\u00e9lo.<\/li>\n<li>A <a href=\"https:\/\/www.london.gov.uk\/programmes-and-strategies\/environment-and-climate-change\/environment-publications\/central-london-ulez-ten-month-report\" rel=\"nofollow noopener\" target=\"_blank\">Londres<\/a>, il a \u00e9t\u00e9 observ\u00e9 une r\u00e9duction du trafic automobile de 4,5% d\u00e8s les premiers mois de mise en place de la ZFE (Ultra low emission zone) en 2019.\u00a0<\/li>\n<\/ul>\n<p>Effets sociaux d\u2019une ZFE<\/p>\n<p>Les effets sociaux des ZFE sont de plusieurs ordres et la r\u00e9alit\u00e9 concernant les personnes p\u00e9nalis\u00e9es est bien plus nuanc\u00e9e que les id\u00e9es-re\u00e7ues qui circulent.<\/p>\n<p>Les m\u00e9nages modestes sont les plus p\u00e9nalis\u00e9s par la pollution de l\u2019air car ils vivent plus fr\u00e9quemment \u00e0 proximit\u00e9 imm\u00e9diate des grandes infrastructures de transport. Ces espaces sont en effet plus accessibles financi\u00e8rement (la proximit\u00e9 des routes fait chuter leur prix) et les logements sociaux y sont souvent situ\u00e9s. Une <a href=\"https:\/\/drees.solidarites-sante.gouv.fr\/publications-communique-de-presse\/etudes-et-resultats\/plus-exposes-la-pollution-de-lair-les-jeunes\" rel=\"nofollow noopener\" target=\"_blank\">r\u00e9cente \u00e9tude<\/a> a montr\u00e9 que les enfants des familles modestes sont les plus touch\u00e9s par des hospitalisations en urgence pour asthme et bronchiolites.\u00a0<\/p>\n<p>De plus, <a href=\"https:\/\/www.statistiques.developpement-durable.gouv.fr\/resultats-detailles-de-lenquete-mobilite-des-personnes-de-2019\" rel=\"nofollow noopener\" target=\"_blank\">les m\u00e9nages modestes sont peu motoris\u00e9s<\/a> : 46% des m\u00e9nages appartenant au 1er d\u00e9cile, c\u2019est-\u00e0-dire les 10% les moins riches, ne poss\u00e8dent pas de voiture. En moyenne, ils poss\u00e8dent 0,69 voiture, soit 2 fois moins que les m\u00e9nages faisant partie des 40% les plus ais\u00e9s (qui ne sont que 11% \u00e0 ne pas poss\u00e9der de voiture). En corollaire, les m\u00e9nages du 1er d\u00e9cile se d\u00e9placent beaucoup plus que la moyenne \u00e0 pied et en transports collectifs.\u00a0<\/p>\n<p>Les politiques d\u2019am\u00e9lioration de l\u2019offre de transports collectifs et des conditions de pratique de la marche profitent donc largement \u00e0 ces m\u00e9nages, et les mesures de r\u00e9duction de la place de la voiture les p\u00e9nalisent moins que les plus ais\u00e9s (du moins lorsqu\u2019elles ne sont pas li\u00e9es aux caract\u00e9ristiques des v\u00e9hicules).<\/p>\n<p><img loading=\"lazy\" decoding=\"async\" width=\"1024\" height=\"418\" src=\"https:\/\/www.europesays.com\/fr\/wp-content\/uploads\/2025\/04\/Taux-de-motorisation-par-decile-1024x418.jpg\" alt=\"ZFE\u00a0: Taux de motorisation et utilisation des mobilit\u00e9s alternatives selon le d\u00e9cile de revenus&#10;\" class=\"lazyload wp-image-32868\"  data-\/>Taux de motorisation et utilisation des mobilit\u00e9s alternatives selon le d\u00e9cile de revenus<br \/>Source\u00a0: <a href=\"https:\/\/www.statistiques.developpement-durable.gouv.fr\/resultats-detailles-de-lenquete-mobilite-des-personnes-de-2019\" rel=\"nofollow noopener\" target=\"_blank\">SDES, 2019<\/a><\/p>\n<p>Enfin, les m\u00e9nages modestes, lorsqu\u2019ils poss\u00e8dent une voiture, sont davantage concern\u00e9s par les restrictions de circulation. Les m\u00e9nages du 1er d\u00e9cile poss\u00e9daient des voitures qui ont 13,7 ans en moyenne, et 36% d\u2019entre elles \u00e9taient Crit\u2019Air 4, 5 ou non-class\u00e9es en 2019.<\/p>\n<p>A titre de comparaison, les m\u00e9nages du 10e d\u00e9cile poss\u00e8dent des voitures plus r\u00e9centes (8 ans en moyenne en 2019) et beaucoup moins impact\u00e9es par les ZFE puisque seulement 10% d\u2019entre elles \u00e9taient Crit\u2019Air 4, 5 ou non-class\u00e9es en 2019.<\/p>\n<p><img loading=\"lazy\" decoding=\"async\" width=\"1024\" height=\"659\" src=\"https:\/\/www.europesays.com\/fr\/wp-content\/uploads\/2025\/04\/Age-et-classement-crit-air-1024x659.jpg\" alt=\"\" class=\"lazyload wp-image-32870\" style=\"width:562px;height:auto\"  data-\/>Caract\u00e9ristiques des v\u00e9hicules poss\u00e9d\u00e9s selon le d\u00e9cile de revenus<br \/>Source\u00a0: <a href=\"https:\/\/www.statistiques.developpement-durable.gouv.fr\/resultats-detailles-de-lenquete-mobilite-des-personnes-de-2019\" rel=\"nofollow noopener\" target=\"_blank\">SDES, 2019<\/a><\/p>\n<p>En r\u00e9sum\u00e9, du fait de leur exposition plus importante \u00e0 la pollution, les m\u00e9nages modestes sont ceux qui ont le plus besoin d\u2019actions pour am\u00e9liorer la qualit\u00e9 de l\u2019air. Ils poss\u00e8dent peu de voitures (et font moins de km en voiture lorsqu\u2019ils en ont une) et sont moins impact\u00e9s que les m\u00e9nages plus riches par les mesures qui touchent \u00e0 la place de la voiture\u2026 sauf lorsque ce sont des mesures cibl\u00e9es sur l\u2019\u00e2ge des v\u00e9hicules comme les ZFE.<\/p>\n<p><strong>Quelques pistes pour des ZFE socialement justes<\/strong><\/p>\n<p>Les plus vieux v\u00e9hicules \u00e9tant plus pr\u00e9sents en proportion chez les m\u00e9nages modestes, les politiques publiques doivent \u00eatre particuli\u00e8rement vigilantes sur l\u2019accompagnement de ces m\u00e9nages dans leurs changements de pratiques de mobilit\u00e9 ou de v\u00e9hicules.\u00a0<\/p>\n<p>Sans cela, il existe un risque de cr\u00e9er ou de renforcer des situations de <a href=\"https:\/\/barometremobilites-quotidien.org\/\" rel=\"nofollow noopener\" target=\"_blank\">pr\u00e9carit\u00e9 mobilit\u00e9<\/a>, et de d\u00e9clencher des oppositions aux ZFE. On peut d\u2019ailleurs noter que les critiques contre les ZFE se sont renforc\u00e9es d\u00e9but 2025, au moment o\u00f9 les aides \u00e0 l\u2019achat de v\u00e9hicules \u00e9lectriques ont \u00e9t\u00e9 diminu\u00e9es et la prime \u00e0 la conversion supprim\u00e9e.<\/p>\n<p>Par ailleurs, le d\u00e9bat autour des ZFE pourrait \u00eatre l\u2019occasion de d\u00e9finir ce qu\u2019est un v\u00e9hicule conforme \u00e0 l\u2019int\u00e9r\u00eat g\u00e9n\u00e9ral. L\u2019\u00e2ge n\u2019est pas l\u2019unique crit\u00e8re pertinent, et certains v\u00e9hicules, bien que conformes aux r\u00e8gles des ZFE, sont tr\u00e8s peu souhaitables dans nos villes, comme par exemple les SUV les plus imposants.\u00a0<\/p>\n<p>Ceux-ci \u00e9mettent certes peu de polluants \u00e0 l\u2019\u00e9chappement, mais consomment plus d\u2019espace, sont plus dangereux pour les pi\u00e9tons et cyclistes, et \u00e9mettent une quantit\u00e9 importante de particules li\u00e9es \u00e0 l\u2019abrasion de leurs pneus et leurs plaquettes de frein en raison de leur poids important. Le fait qu\u2019un gros SUV Crit\u2019Air 1 puisse circuler mais pas une citadine Crit\u2019Air 3 peut g\u00e9n\u00e9rer un sentiment d\u2019injustice.<\/p>\n<p>Des mesures pour mieux r\u00e9partir l\u2019effort de transition<\/p>\n<p>La Fabrique des Mobilit\u00e9s a publi\u00e9, en septembre 2023, un livre blanc \u00ab <a href=\"https:\/\/wiki.lafabriquedesmobilites.fr\/wiki\/Pour_des_ZFE-m_saines_et_justes_-_Anticiper_la_transition_des_mobilit%C3%A9s\" rel=\"nofollow noopener\" target=\"_blank\">Pour des ZFE-m saines et justes\u00a0: Anticiper la transition des mobilit\u00e9s<\/a> \u00bb, en partenariat avec l<a href=\"https:\/\/respire-asso.org\/\" rel=\"nofollow noopener\" target=\"_blank\">\u2018association Respire<\/a> et<a href=\"https:\/\/cleancitiescampaign.org\/\" rel=\"nofollow noopener\" target=\"_blank\"> Clean Cities Campaign<\/a>. 10 mesures sont propos\u00e9es parmi lesquelles\u00a0:\u00a0<\/p>\n<ul class=\"wp-block-list\">\n<li>Harmoniser le calendrier de mise en place des ZFE pour une meilleure lisibilit\u00e9.<\/li>\n<li>Moduler l\u2019attribution des vignettes Crit\u2019Air en fonction du poids\u00a0: p\u00e9naliser les v\u00e9hicules lourds (&gt;1400 kg) d\u2019une classe Crit\u2019Air et inversement bonifier les petits v\u00e9hicules Crit\u2019Air 3 en Crit\u2019Air 2.<\/li>\n<li>Rendre contraignants les objectifs de verdissement des flottes professionnelles, afin que les contraintes soient mieux r\u00e9parties entre particuliers et gros employeurs.<\/li>\n<li>Anticiper et planifier d\u2019une part la transition industrielle pour cr\u00e9er une offre de v\u00e9hicules \u00e9lectriques de taille raisonnable, et d\u2019autre part la planification territoriale des solutions de mobilit\u00e9 alternative.<\/li>\n<li>Cibler les aides \u00e0 l\u2019achat de petits v\u00e9hicules \u00e9lectriques vers les plus pr\u00e9caires.<\/li>\n<\/ul>\n<p>Les ZFE et leur perception par la population<\/p>\n<p>Dans son panorama sur les ZFE en Europe, l\u2019ADEME rel\u00e8ve diff\u00e9rents facteurs pour am\u00e9liorer leur acceptabilit\u00e9\u00a0:\u00a0<\/p>\n<ul class=\"wp-block-list\">\n<li>L\u2019utilit\u00e9 et l\u2019efficacit\u00e9 per\u00e7ue du dispositif. A ce titre, \u00e9valuer les r\u00e9sultats lors des premiers mois de mise en \u0153uvre est primordial.<\/li>\n<li>L\u2019existence d\u2019alternatives en mati\u00e8re de mobilit\u00e9. Cela rejoint l\u2019id\u00e9e d\u2019anticiper et investir dans les offres alternatives bien en amont de la mise en place de la ZFE. Les collectivit\u00e9s ont eu le temps de se pr\u00e9parer \u00e0 l\u2019obligation r\u00e9glementaire mais peu ont fait ces efforts d\u2019anticipation, m\u00eame s\u2019il faut reconna\u00eetre qu\u2019ils impliquent des choix budg\u00e9taires difficiles.<\/li>\n<li>Un portage politique fort, et une implication citoyenne dans la d\u00e9finition des modalit\u00e9s de mise en \u0153uvre.<\/li>\n<li>Le sentiment d\u2019\u00e9quit\u00e9. La r\u00e9partition de la charge et des b\u00e9n\u00e9fices doit \u00eatre per\u00e7ue de mani\u00e8re \u00e9quitable avec en particulier le sentiment qu\u2019il n\u2019y ait pas de privil\u00e9gi\u00e9s (b\u00e9n\u00e9ficiant d\u2019exemptions qui seraient indues) et une attention particuli\u00e8re \u00e0 porter aux m\u00e9nages fragiles pour lesquels des aides sont n\u00e9cessaires. Un syst\u00e8me de contr\u00f4le d\u00e9faillant peut \u00e9galement cr\u00e9er un sentiment d\u2019injustice envers des personnes en infraction et qui ne seraient pas sanctionn\u00e9es.<\/li>\n<li>Les repr\u00e9sentations collectives et normes sociales, avec le r\u00f4le de la communication pour les faire \u00e9voluer.<\/li>\n<\/ul>\n<p><strong>Quelle place pour les ZFE dans la transition des mobilit\u00e9s\u00a0?\u00a0<\/strong><\/p>\n<p>Les ZFE ont de nombreux impacts sur la transition des mobilit\u00e9s. Par les restrictions de circulation de certains v\u00e9hicules, elles influencent le renouvellement du parc, impactent aussi plus largement les pratiques de mobilit\u00e9, et adressent des enjeux plus larges de transition.<\/p>\n<p>Elles font donc partie d\u2019un ensemble de politiques publiques qui permettent de r\u00e9duire la pollution de l\u2019air, mais aussi d\u2019agir indirectement sur les \u00e9missions de gaz \u00e0 effet de serre, sur la r\u00e9duction des autres <a href=\"https:\/\/theconversation.com\/nous-sous-estimons-les-effets-negatifs-de-la-voiture-sur-la-sante-206911\" rel=\"nofollow noopener\" target=\"_blank\">impacts du syst\u00e8me automobile sur la sant\u00e9<\/a>, tels que la pollution sonore, l\u2019ins\u00e9curit\u00e9 routi\u00e8re, le manque d\u2019activit\u00e9 physique d\u2019une mobilit\u00e9 inactive, ou encore la manque de v\u00e9g\u00e9tation en lien avec la forte consommation d\u2019espace d\u00e9di\u00e9e aux voitures.<\/p>\n<p>Elles sont aussi plus globalement une opportunit\u00e9 pour limiter la place de la voiture dans la mobilit\u00e9 et r\u00e9duire la d\u00e9pendance \u00e0 la voiture, tr\u00e8s co\u00fbteuse pour de nombreux m\u00e9nages.<\/p>\n<p><img loading=\"lazy\" decoding=\"async\" width=\"1024\" height=\"609\" src=\"https:\/\/www.europesays.com\/fr\/wp-content\/uploads\/2025\/04\/ZFE-M-4-Contextes-1024x609.jpg\" alt=\"4 contextes dans lesquels s\u2019inscrivent les ZFE-mobilit\u00e9&#10;\" class=\"lazyload wp-image-32872\" style=\"width:645px;height:auto\"  data-\/>4 contextes dans lesquels s\u2019inscrivent les ZFE-mobilit\u00e9<br \/>Source\u00a0: <a href=\"https:\/\/wiki.lafabriquedesmobilites.fr\/wiki\/Pour_des_ZFE-m_saines_et_justes_-_Anticiper_la_transition_des_mobilit%C3%A9s\" rel=\"nofollow noopener\" target=\"_blank\">FabMob<\/a>Limiter l\u2019usage de la voiture pour plus de b\u00e9n\u00e9fices<\/p>\n<p>C\u2019est aussi par la r\u00e9duction de l\u2019usage de la voiture au profit des modes actifs ou encore des transports collectifs, que les b\u00e9n\u00e9fices de la ZFE sont les plus importants.\u00a0<\/p>\n<p>En effet, comme indiqu\u00e9 ci-dessous, si l\u2019effet des ZFE se contente d\u2019acc\u00e9l\u00e9rer un renouvellement du parc vers des v\u00e9hicules thermiques plus r\u00e9cents, l\u2019impact sur l\u2019ensemble des nuisances du syst\u00e8me automobile reste tr\u00e8s limit\u00e9, se contentant d\u2019une r\u00e9duction des \u00e9missions de polluants \u00e0 l\u2019\u00e9chappement.<\/p>\n<p>En revanche, les b\u00e9n\u00e9fices sont maximaux avec un report de la voiture vers les mobilit\u00e9s actives, qui permettent simultan\u00e9ment de limiter les impacts climatiques, les consommations de ressources et d\u2019espace, la pollution de l\u2019air, le bruit, et de permettre une <a href=\"https:\/\/theconversation.com\/velo-ou-voiture-electrique-comment-nos-choix-de-mobilite-impacteront-la-sante-publique-241315\" rel=\"nofollow noopener\" target=\"_blank\">activit\u00e9 physique bonne pour la sant\u00e9<\/a>.<\/p>\n<p><img loading=\"lazy\" decoding=\"async\" width=\"1024\" height=\"530\" src=\"https:\/\/www.europesays.com\/fr\/wp-content\/uploads\/2025\/04\/problemes-resolus-grace-aux-ZFE-Aurelien-Bigo-1024x530.jpg\" alt=\"\" class=\"lazyload wp-image-32874\"  data-\/>Source\u00a0: <a href=\"https:\/\/www.linkedin.com\/feed\/update\/urn:li:activity:7163076817044643841\/\" rel=\"nofollow noopener\" target=\"_blank\">Aur\u00e9lien Bigo<\/a>Les ZFE ne suffisent pas\u00a0: comment articuler de meilleures politiques de mobilit\u00e9\u00a0?\u00a0<\/p>\n<p>Cependant, les restrictions de circulation instaur\u00e9es par les ZFE sont bien \u00e9videmment insuffisantes \u00e0 elles-seules pour conduire \u00e0 de forts changements de pratiques de mobilit\u00e9. Elles doivent donc faire partie d\u2019un ensemble de politiques de mobilit\u00e9 coh\u00e9rentes, en combinaison notamment avec\u00a0:\u00a0<\/p>\n<ul class=\"wp-block-list\">\n<li><strong>Une mod\u00e9ration du trafic automobile<\/strong>, en vitesse et en volume, via des plans de circulation, une g\u00e9n\u00e9ralisation du 30 km\/h en ville, des zones de rencontres (limit\u00e9es \u00e0 20 km\/h, o\u00f9 la marche est prioritaire devant le v\u00e9lo puis les v\u00e9hicules motoris\u00e9s), ou encore des zones pi\u00e9tonnes.<\/li>\n<li><strong>Une r\u00e9duction de la place accord\u00e9e \u00e0 la voiture<\/strong> pour sa circulation et son stationnement, au profit des modes alternatifs, d\u2019une rev\u00e9g\u00e9talisation ou d\u2019autres usages de l\u2019espace public, dans le but de le rendre plus agr\u00e9able et s\u00e9curis\u00e9 y compris pour les personnes vuln\u00e9rables telles que les enfants, personnes \u00e2g\u00e9es, personnes \u00e0 mobilit\u00e9 r\u00e9duite, etc.<\/li>\n<li><strong>Un renforcement de l\u2019offre de mobilit\u00e9 alternative \u00e0 la voiture individuelle<\/strong>, que ce soit pour la marche, le v\u00e9lo (infrastructures s\u00e9curis\u00e9es et continues, aides \u00e0 l\u2019achat notamment pour les moins ais\u00e9s, services de location et de r\u00e9paration, etc.) les transports en commun (offre efficace et cadenc\u00e9e, tarification sociale, etc.), des <a href=\"https:\/\/bonpote.com\/les-vehicules-intermediaires-lavenir-de-la-mobilite\/\" rel=\"nofollow noopener\" target=\"_blank\">v\u00e9hicules sobres<\/a>, ou des usages partag\u00e9s de la voiture, via le covoiturage et l\u2019autopartage.<\/li>\n<li>Plus globalement, <strong>favoriser un am\u00e9nagement du territoire qui permet des modes de vie plus en proximit\u00e9<\/strong>, que ce soit pour l\u2019acc\u00e8s aux commerces, aux services, aux loisirs ou encore aux emplois quand cela est possible. En plus de potentiels b\u00e9n\u00e9fices \u00e9conomiques et sociaux associ\u00e9s \u00e0 une relocalisation des modes de vie et de l\u2019\u00e9conomie, cela favorise les mobilit\u00e9s plus lentes et de proximit\u00e9 que constituent la marche et le v\u00e9lo.<\/li>\n<\/ul>\n<p><strong>Sortir des discours simplistes sur les ZFE<\/strong><\/p>\n<p>Au final, et pour reprendre le questionnement de l\u2019article, est-ce que les ZFE (zones \u00e0 faibles \u00e9missions) sont une bonne politique de transition\u00a0?<\/p>\n<p>Les \u00e9tudes et exp\u00e9riences montrent que les ZFE sont un outil efficace pour diminuer la pollution de l\u2019air en ville et am\u00e9liorer la sant\u00e9. Elles permettent une acc\u00e9l\u00e9ration du renouvellement du parc automobile, et \u00e9galement une r\u00e9duction de l\u2019utilisation de la voiture et un usage accr\u00fb des transports collectifs et du v\u00e9lo, qui permettent des b\u00e9n\u00e9fices plus larges pour la sant\u00e9 ou la qualit\u00e9 de vie.<\/p>\n<p>Ainsi, en compl\u00e9ment d\u2019autres mesures structurantes (r\u00e9seaux cyclables, renforcement des transports collectifs, mod\u00e9ration de la place d\u00e9di\u00e9e \u00e0 la voiture et des trafics automobiles\u2026), les ZFE permettent d\u2019initier une vraie trajectoire de transition des mobilit\u00e9s dans les agglom\u00e9rations.<\/p>\n<p>Cependant, les ZFE engendrent des in\u00e9galit\u00e9s sociales et p\u00e9nalisent globalement davantage les m\u00e9nages modestes qui poss\u00e8dent une voiture. Ces m\u00e9nages doivent donc faire l\u2019objet d\u2019un accompagnement particulier dans leur changement de pratiques de mobilit\u00e9 ou de v\u00e9hicules.<\/p>\n<p>Les modalit\u00e9s de ces accompagnements doivent bien s\u00fbr faire l\u2019objet de d\u00e9bats politiques de qualit\u00e9, au vu de l\u2019importance des probl\u00e9matiques en jeu. Alors que les discours et propositions simplistes ne manquent pas sur le sujet des ZFE, veillons \u00e0 ce que les propositions qui ressortent des d\u00e9bats en cours permettent bien de r\u00e9pondre aussi bien aux enjeux de sant\u00e9 publique que de pr\u00e9carit\u00e9 mobilit\u00e9, qui sont au c\u0153ur du sujet.<\/p>\n","protected":false},"excerpt":{"rendered":"Avant de parler des ZFE, nous devrions rappeler un fait\u00a0: la pollution de l\u2019air est un probl\u00e8me majeur&hellip;\n","protected":false},"author":2,"featured_media":1577,"comment_status":"","ping_status":"","sticky":false,"template":"","format":"standard","meta":{"footnotes":""},"categories":[2],"tags":[11,1011,27,1137,12],"class_list":{"0":"post-1576","1":"post","2":"type-post","3":"status-publish","4":"format-standard","5":"has-post-thumbnail","7":"category-actualites","8":"tag-actualites","9":"tag-fr","10":"tag-france","11":"tag-mobilite","12":"tag-news"},"share_on_mastodon":{"url":"https:\/\/pubeurope.com\/@fr\/114276438060506736","error":""},"_links":{"self":[{"href":"https:\/\/www.europesays.com\/fr\/wp-json\/wp\/v2\/posts\/1576","targetHints":{"allow":["GET"]}}],"collection":[{"href":"https:\/\/www.europesays.com\/fr\/wp-json\/wp\/v2\/posts"}],"about":[{"href":"https:\/\/www.europesays.com\/fr\/wp-json\/wp\/v2\/types\/post"}],"author":[{"embeddable":true,"href":"https:\/\/www.europesays.com\/fr\/wp-json\/wp\/v2\/users\/2"}],"replies":[{"embeddable":true,"href":"https:\/\/www.europesays.com\/fr\/wp-json\/wp\/v2\/comments?post=1576"}],"version-history":[{"count":0,"href":"https:\/\/www.europesays.com\/fr\/wp-json\/wp\/v2\/posts\/1576\/revisions"}],"wp:featuredmedia":[{"embeddable":true,"href":"https:\/\/www.europesays.com\/fr\/wp-json\/wp\/v2\/media\/1577"}],"wp:attachment":[{"href":"https:\/\/www.europesays.com\/fr\/wp-json\/wp\/v2\/media?parent=1576"}],"wp:term":[{"taxonomy":"category","embeddable":true,"href":"https:\/\/www.europesays.com\/fr\/wp-json\/wp\/v2\/categories?post=1576"},{"taxonomy":"post_tag","embeddable":true,"href":"https:\/\/www.europesays.com\/fr\/wp-json\/wp\/v2\/tags?post=1576"}],"curies":[{"name":"wp","href":"https:\/\/api.w.org\/{rel}","templated":true}]}}