{"id":157612,"date":"2025-06-06T22:48:09","date_gmt":"2025-06-06T22:48:09","guid":{"rendered":"https:\/\/www.europesays.com\/fr\/157612\/"},"modified":"2025-06-06T22:48:09","modified_gmt":"2025-06-06T22:48:09","slug":"clair-soleil-mobilise-apres-la-mise-a-la-rue-de-leurs-eleves-exiles","status":"publish","type":"post","link":"https:\/\/www.europesays.com\/fr\/157612\/","title":{"rendered":"Clair-Soleil mobilis\u00e9 apr\u00e8s la mise \u00e0 la rue de leurs \u00e9l\u00e8ves exil\u00e9s"},"content":{"rendered":"<p>L\u2019une venait de r\u00e9ussir son dipl\u00f4me d\u2019\u00e9tudes en langue fran\u00e7aise, apr\u00e8s une ann\u00e9e scolaire pass\u00e9e en <a href=\"https:\/\/www.laprovence.com\/article\/societe\/1030689585037616\/accueil-des-eleves-allophones-a-marseille-les-profs-tirent-la-sonnette-d-alarme\" target=\"_blank\" rel=\"noopener\">classe UPE2A<\/a> (Unit\u00e9 p\u00e9dagogique pour \u00e9l\u00e8ves allophones nouvellement arriv\u00e9s). L\u2019autre, en cinqui\u00e8me, est d\u00e9crite par ses professeurs comme \u00ab\u00a0une \u00e9l\u00e8ve volontaire et assidue\u00a0\u00bb. Mais depuis le 22\u00a0mai, ces deux \u00e9l\u00e8ves de <a href=\"https:\/\/www.laprovence.com\/actu\/en-direct\/5198238\/breve-ecole.html\" target=\"_blank\" rel=\"noopener\">coll\u00e8ge Clair-Soleil<\/a> (14e) sont \u00e0 la rue et ont vu leur parcours scolaire s\u2019interrompre brutalement. Ce vendredi 6\u00a0juin, une partie de leurs professeurs \u00e9tait en gr\u00e8ve et mobilis\u00e9s derri\u00e8re une banderole \u00ab\u00a0pas un \u00e9l\u00e8ve sans toit\u00a0\u00bb, pour demander \u00ab\u00a0une solution d\u2019h\u00e9bergement rapide\u00a0\u00bb leur permettant de reprendre le chemin de l\u2019\u00e9cole.<\/p>\n<p>\u00ab\u00a0Aucune solution\u00a0\u00bb propos\u00e9e par les institutions<\/p>\n<p>Avec leur m\u00e8re et leur petit fr\u00e8re de 11\u00a0ans, scolaris\u00e9 dans une \u00e9cole du Canet (14e), les deux adolescentes \u00e9taient h\u00e9berg\u00e9es dans un <a href=\"https:\/\/www.laprovence.com\/article\/france-monde\/459227674904215\/cest-comme-etre-dans-une-grande-prison-a-marseille-le-parcours-du-combattant-des-exiles\" target=\"_blank\" rel=\"noopener\">Cada (centre de demandeurs d\u2019asile)<\/a> depuis leur arriv\u00e9e du Bangladesh \u00e0 l\u2019\u00e9t\u00e9\u00a02024. Mais avec le refus de sa <a href=\"https:\/\/www.laprovence.com\/article\/france-monde\/8343949373649\/immigration-142-500-demandes-dasile-en-france-en-2023-un-record\" target=\"_blank\" rel=\"noopener\">demande d\u2019asile<\/a>, la famille s\u2019est retrouv\u00e9e \u00e0 la rue. Apr\u00e8s une nuit pass\u00e9e sur les dalles du Vieux-Port, la plus grande s\u0153ur a fini par faire part de sa situation \u00e0 sa professeure de fran\u00e7ais.<\/p>\n","protected":false},"excerpt":{"rendered":"L\u2019une venait de r\u00e9ussir son dipl\u00f4me d\u2019\u00e9tudes en langue fran\u00e7aise, apr\u00e8s une ann\u00e9e scolaire pass\u00e9e en classe UPE2A&hellip;\n","protected":false},"author":2,"featured_media":157613,"comment_status":"","ping_status":"","sticky":false,"template":"","format":"standard","meta":{"footnotes":""},"categories":[2814],"tags":[17,1111,11,28865,1124,1777,674,1011,27,884,12,28867,471,882,16,25,28866,96],"class_list":{"0":"post-157612","1":"post","2":"type-post","3":"status-publish","4":"format-standard","5":"has-post-thumbnail","7":"category-marseille","8":"tag-17","9":"tag-actu","10":"tag-actualites","11":"tag-clair-soleil","12":"tag-college","13":"tag-eu","14":"tag-europe","15":"tag-fr","16":"tag-france","17":"tag-marseille","18":"tag-news","19":"tag-pointille","20":"tag-pour","21":"tag-provence-alpes-cote-dazur","22":"tag-region","23":"tag-republique-francaise","24":"tag-scolarisation","25":"tag-une"},"share_on_mastodon":{"url":"https:\/\/pubeurope.com\/@fr\/114638861328456245","error":""},"_links":{"self":[{"href":"https:\/\/www.europesays.com\/fr\/wp-json\/wp\/v2\/posts\/157612","targetHints":{"allow":["GET"]}}],"collection":[{"href":"https:\/\/www.europesays.com\/fr\/wp-json\/wp\/v2\/posts"}],"about":[{"href":"https:\/\/www.europesays.com\/fr\/wp-json\/wp\/v2\/types\/post"}],"author":[{"embeddable":true,"href":"https:\/\/www.europesays.com\/fr\/wp-json\/wp\/v2\/users\/2"}],"replies":[{"embeddable":true,"href":"https:\/\/www.europesays.com\/fr\/wp-json\/wp\/v2\/comments?post=157612"}],"version-history":[{"count":0,"href":"https:\/\/www.europesays.com\/fr\/wp-json\/wp\/v2\/posts\/157612\/revisions"}],"wp:featuredmedia":[{"embeddable":true,"href":"https:\/\/www.europesays.com\/fr\/wp-json\/wp\/v2\/media\/157613"}],"wp:attachment":[{"href":"https:\/\/www.europesays.com\/fr\/wp-json\/wp\/v2\/media?parent=157612"}],"wp:term":[{"taxonomy":"category","embeddable":true,"href":"https:\/\/www.europesays.com\/fr\/wp-json\/wp\/v2\/categories?post=157612"},{"taxonomy":"post_tag","embeddable":true,"href":"https:\/\/www.europesays.com\/fr\/wp-json\/wp\/v2\/tags?post=157612"}],"curies":[{"name":"wp","href":"https:\/\/api.w.org\/{rel}","templated":true}]}}