{"id":157614,"date":"2025-06-06T22:49:11","date_gmt":"2025-06-06T22:49:11","guid":{"rendered":"https:\/\/www.europesays.com\/fr\/157614\/"},"modified":"2025-06-06T22:49:11","modified_gmt":"2025-06-06T22:49:11","slug":"ed-sheeran-a-recu-tout-lamour-du-velodrome","status":"publish","type":"post","link":"https:\/\/www.europesays.com\/fr\/157614\/","title":{"rendered":"Ed Sheeran a re\u00e7u tout l&rsquo;amour du V\u00e9lodrome"},"content":{"rendered":"<p>Ed Sheeran a enflamm\u00e9 le V\u00e9lodrome ce vendredi soir pour le premier de ses deux concerts \u00e0 Marseille. Avec son show g\u00e9n\u00e9reux, il a conquis les 60 000 spectateurs. Et \u00e7a va recommencer ce samedi soir !<\/p>\n<p>\u00ab\u00a0Quand quelqu&rsquo;un vous demandera demain comment vous avez trouv\u00e9 le concert, j&rsquo;esp\u00e8re que vous serez incapable de r\u00e9pondre, tellement vous aurez chant\u00e9 \u00e0 pleins poumons, vous n&rsquo;aurez plus de voix\u00a0\u00bb. Le souhait d&rsquo;Ed Sheeran va surement se r\u00e9aliser, car les 60 000 spectateurs de son premier show \u00e0 Marseille ce vendredi soir ont fait honneur aux chansons de l&rsquo;artiste britannique qui a propos\u00e9 un mega show de plus de deux heures en \u00e9tant quasiment tout le temps seul avec sa guitare.<\/p>\n<p>Il faut dire qu&rsquo;il n&rsquo;y a pas qu&rsquo;avec ses tubes qu&rsquo;Ed Sheeran a emball\u00e9 ses fans et fait frissonner de plaisir le public. Il a suffi de quelques phrases comme \u00ab\u00a0C&rsquo;est Marseille b\u00e9b\u00e9\u00a0\u00bb, \u00ab\u00a0Ma g\u00e2t\u00e9e\u00a0\u00bb ou encore \u00ab\u00a0pendant cette tourn\u00e9e, le meilleur concert \u00e9tait \u00e0 Paris, alors vous devez faire mieux \u00e0 Marseille\u00a0\u00bb, pour faire monter les d\u00e9cibels dans le stade et rendre fou de joie le Vel qui a aussi eu la surprise de voir arriver Soprano pour chanter \u00ab\u00a0En feu\u00a0\u00bb.<\/p>\n<p>\u00a0<\/p>\n<p><strong>\u00ab\u00a0Ce soir, j&rsquo;suis en feu, j&rsquo;suis en feu\u00a0\u00bb<\/strong><\/p>\n<p>\u00a0<\/p>\n<p>Un V\u00e9lodrome en feu avec des spectateurs qui ont d\u00e8s les premi\u00e8res chansons compl\u00e8tement oubli\u00e9 les heures pass\u00e9es dans les bouchons pour rejoindre le concert. L&rsquo;artiste a donn\u00e9 tout son amour et a \u00e9norm\u00e9ment re\u00e7u en retour. \u00c9mu, il a rappel\u00e9 qu&rsquo;il y a quelques ann\u00e9es, il chantait dans des \u00ab\u00a0pubs vides\u00a0\u00bb et que maintenant, il avait le plaisir de venir chanter \u00ab\u00a0pour la premi\u00e8re fois \u00e0 Marseille et devant 60 000 spectateurs\u00a0\u00bb. Une premi\u00e8re qui ne sera s\u00fbrement pas la derni\u00e8re&#8230; D\u00e9j\u00e0, il y a un second show pr\u00e9vu ce samedi soir. Et puis, vu que l&rsquo;artiste a aussi d\u00e9clar\u00e9 avoir particuli\u00e8rement appr\u00e9ci\u00e9 cette semaine pass\u00e9e avec sa famille \u00e0 Marseille&#8230; Il aura sans aucun doute envie de revenir pour sa prochaine tourn\u00e9e !\u00a0<\/p>\n<p>\u00a0<\/p>\n<p>Plusieurs vid\u00e9os du concert \u00e0 venir d&rsquo;ici quelques minutes sur cet article<\/p>\n","protected":false},"excerpt":{"rendered":"Ed Sheeran a enflamm\u00e9 le V\u00e9lodrome ce vendredi soir pour le premier de ses deux concerts \u00e0 Marseille.&hellip;\n","protected":false},"author":2,"featured_media":157615,"comment_status":"","ping_status":"","sticky":false,"template":"","format":"standard","meta":{"footnotes":""},"categories":[2814],"tags":[1111,11,1697,9472,1777,674,1011,27,884,12,882,25,10826,1280],"class_list":{"0":"post-157614","1":"post","2":"type-post","3":"status-publish","4":"format-standard","5":"has-post-thumbnail","7":"category-marseille","8":"tag-actu","9":"tag-actualites","10":"tag-concert","11":"tag-ed-sheeran","12":"tag-eu","13":"tag-europe","14":"tag-fr","15":"tag-france","16":"tag-marseille","17":"tag-news","18":"tag-provence-alpes-cote-dazur","19":"tag-republique-francaise","20":"tag-soprano","21":"tag-stade-velodrome"},"share_on_mastodon":{"url":"https:\/\/pubeurope.com\/@fr\/114638865286816441","error":""},"_links":{"self":[{"href":"https:\/\/www.europesays.com\/fr\/wp-json\/wp\/v2\/posts\/157614","targetHints":{"allow":["GET"]}}],"collection":[{"href":"https:\/\/www.europesays.com\/fr\/wp-json\/wp\/v2\/posts"}],"about":[{"href":"https:\/\/www.europesays.com\/fr\/wp-json\/wp\/v2\/types\/post"}],"author":[{"embeddable":true,"href":"https:\/\/www.europesays.com\/fr\/wp-json\/wp\/v2\/users\/2"}],"replies":[{"embeddable":true,"href":"https:\/\/www.europesays.com\/fr\/wp-json\/wp\/v2\/comments?post=157614"}],"version-history":[{"count":0,"href":"https:\/\/www.europesays.com\/fr\/wp-json\/wp\/v2\/posts\/157614\/revisions"}],"wp:featuredmedia":[{"embeddable":true,"href":"https:\/\/www.europesays.com\/fr\/wp-json\/wp\/v2\/media\/157615"}],"wp:attachment":[{"href":"https:\/\/www.europesays.com\/fr\/wp-json\/wp\/v2\/media?parent=157614"}],"wp:term":[{"taxonomy":"category","embeddable":true,"href":"https:\/\/www.europesays.com\/fr\/wp-json\/wp\/v2\/categories?post=157614"},{"taxonomy":"post_tag","embeddable":true,"href":"https:\/\/www.europesays.com\/fr\/wp-json\/wp\/v2\/tags?post=157614"}],"curies":[{"name":"wp","href":"https:\/\/api.w.org\/{rel}","templated":true}]}}