{"id":157618,"date":"2025-06-06T22:51:10","date_gmt":"2025-06-06T22:51:10","guid":{"rendered":"https:\/\/www.europesays.com\/fr\/157618\/"},"modified":"2025-06-06T22:51:10","modified_gmt":"2025-06-06T22:51:10","slug":"le-maire-de-saint-etienne-juge-a-lyon-en-septembre","status":"publish","type":"post","link":"https:\/\/www.europesays.com\/fr\/157618\/","title":{"rendered":"le maire de Saint-Etienne jug\u00e9 \u00e0 Lyon en septembre ?"},"content":{"rendered":"<p>Chantage \u00e0 la sextape : le maire de Saint-Etienne jug\u00e9 \u00e0 Lyon en septembre ? &#8211; LyonMag<\/p>\n<p>Selon le parquet lyonnais, il a \u00e9t\u00e9 demand\u00e9 \u00e0 ce que le maire de Saint-Etienne soit renvoy\u00e9 devant la justice dans l&rsquo;affaire de chantage \u00e0 la vid\u00e9o intime qui secoue la ville lig\u00e9rienne depuis 2022.<\/p>\n<p>L&rsquo;audience se tiendrait du 22 au 26 septembre prochain.<\/p>\n<p>Pour rappel, Ga\u00ebl Perdriau est soup\u00e7onn\u00e9 d&rsquo;avoir fait chanter son adjoint Gilles Artigues avec une vid\u00e9o de ce dernier, mass\u00e9 par un escort-boy. Il lui \u00e9tait notamment demand\u00e9 de rentrer dans le rang et de faire preuve de davantage de loyaut\u00e9 au sein de la majorit\u00e9 municipale.<\/p>\n<p>Le procureur de la R\u00e9publique de Lyon r\u00e9clame un proc\u00e8s contre l&rsquo;\u00e9dile st\u00e9phanois pour chantage, soustraction et d\u00e9tournement de fonds publics par un d\u00e9positaire de l&rsquo;autorit\u00e9 publique.<\/p>\n<p>Devraient \u00eatre jug\u00e9s \u00e0 ses c\u00f4t\u00e9s son ancien directeur de cabinet Pierre Gauttieri, son ancien adjoint Samy Kefi-J\u00e9r\u00f4me qui serait l&rsquo;auteur de la vid\u00e9o intime, et Gilles Rossary-Lenglet, qui \u00e9tait le compagnon de Kefi-J\u00e9r\u00f4me et qui a r\u00e9v\u00e9l\u00e9 les faits \u00e0 la presse.<\/p>\n","protected":false},"excerpt":{"rendered":"Chantage \u00e0 la sextape : le maire de Saint-Etienne jug\u00e9 \u00e0 Lyon en septembre ? &#8211; LyonMag Selon&hellip;\n","protected":false},"author":2,"featured_media":157619,"comment_status":"","ping_status":"","sticky":false,"template":"","format":"standard","meta":{"footnotes":""},"categories":[1889],"tags":[1111,11,2813,2190,2430,1109,251,1112,2811,1777,674,118,1011,27,1922,1110,1114,2428,2810,12,241,316,25,2812,517,800],"class_list":{"0":"post-157618","1":"post","2":"type-post","3":"status-publish","4":"format-standard","5":"has-post-thumbnail","7":"category-lyon","8":"tag-actu","9":"tag-actualites","10":"tag-article","11":"tag-asvel","12":"tag-auvergne-rhone-alpes","13":"tag-breves","14":"tag-culture","15":"tag-depeches","16":"tag-economique","17":"tag-eu","18":"tag-europe","19":"tag-faits-divers","20":"tag-fr","21":"tag-france","22":"tag-info","23":"tag-informations","24":"tag-infos","25":"tag-lyon","26":"tag-lyonmag","27":"tag-news","28":"tag-ol","29":"tag-politique","30":"tag-republique-francaise","31":"tag-sociale","32":"tag-sport","33":"tag-transports"},"share_on_mastodon":{"url":"https:\/\/pubeurope.com\/@fr\/114638873236570307","error":""},"_links":{"self":[{"href":"https:\/\/www.europesays.com\/fr\/wp-json\/wp\/v2\/posts\/157618","targetHints":{"allow":["GET"]}}],"collection":[{"href":"https:\/\/www.europesays.com\/fr\/wp-json\/wp\/v2\/posts"}],"about":[{"href":"https:\/\/www.europesays.com\/fr\/wp-json\/wp\/v2\/types\/post"}],"author":[{"embeddable":true,"href":"https:\/\/www.europesays.com\/fr\/wp-json\/wp\/v2\/users\/2"}],"replies":[{"embeddable":true,"href":"https:\/\/www.europesays.com\/fr\/wp-json\/wp\/v2\/comments?post=157618"}],"version-history":[{"count":0,"href":"https:\/\/www.europesays.com\/fr\/wp-json\/wp\/v2\/posts\/157618\/revisions"}],"wp:featuredmedia":[{"embeddable":true,"href":"https:\/\/www.europesays.com\/fr\/wp-json\/wp\/v2\/media\/157619"}],"wp:attachment":[{"href":"https:\/\/www.europesays.com\/fr\/wp-json\/wp\/v2\/media?parent=157618"}],"wp:term":[{"taxonomy":"category","embeddable":true,"href":"https:\/\/www.europesays.com\/fr\/wp-json\/wp\/v2\/categories?post=157618"},{"taxonomy":"post_tag","embeddable":true,"href":"https:\/\/www.europesays.com\/fr\/wp-json\/wp\/v2\/tags?post=157618"}],"curies":[{"name":"wp","href":"https:\/\/api.w.org\/{rel}","templated":true}]}}