{"id":157620,"date":"2025-06-06T22:52:11","date_gmt":"2025-06-06T22:52:11","guid":{"rendered":"https:\/\/www.europesays.com\/fr\/157620\/"},"modified":"2025-06-06T22:52:11","modified_gmt":"2025-06-06T22:52:11","slug":"ile-de-france-des-cars-express-pour-mieux-se-deplacer-en-grande-couronne","status":"publish","type":"post","link":"https:\/\/www.europesays.com\/fr\/157620\/","title":{"rendered":"\u00cele-de-France\u00a0: des cars express pour mieux se d\u00e9placer en Grande couronne"},"content":{"rendered":"\n<p style=\"margin-bottom: 0cm;\">La premi\u00e8re phase de d\u00e9ploiement de ce r\u00e9seau, qui se poursuivra jusqu&rsquo;en 2026, bat son plein. \u00ab\u00a0L\u2019objectif est d\u2019apporter une alternative plus \u00e9conome et plus \u00e9cologique aux Franciliens qui parfois font plus de 50 km en voiture pour aller travailler\u00a0\u00bb, rappelle \u00cele-de-France Mobilit\u00e9s. En tout, 45 nouvelles lignes de cars express r\u00e9gionaux verront le jour, et 10 lignes existantes sont renforc\u00e9es. \u00c0 partir de 2027, le r\u00e9seau de lignes sera achev\u00e9, notamment sur des voies r\u00e9serv\u00e9es sur autoroute. <\/p>\n<p style=\"margin-bottom: 0cm;\">\u00a0<\/p>\n<p lang=\"fr-FR\" style=\"margin-bottom: 0cm;\">Nicolas Chacun<\/p>\n<p>!function(f,b,e,v,n,t,s){if(f.fbq)return;n=f.fbq=function(){n.callMethod?<br \/>\nn.callMethod.apply(n,arguments):n.queue.push(arguments)};if(!f._fbq)f._fbq=n;<br \/>\nn.push=n;n.loaded=!0;n.version=&rsquo;2.0&prime;;n.queue=[];t=b.createElement(e);t.async=!0;<br \/>\nt.src=v;s=b.getElementsByTagName(e)[0];s.parentNode.insertBefore(t,s)}(window,<br \/>\ndocument,&rsquo;script&rsquo;,&rsquo;https:\/\/connect.facebook.net\/en_US\/fbevents.js&rsquo;);<br \/>\nfbq(&lsquo;init&rsquo;, &lsquo;278974969201861&rsquo;); \/\/ Insert your pixel ID here.<br \/>\nfbq(&lsquo;track&rsquo;, &lsquo;PageView&rsquo;);<\/p>\n","protected":false},"excerpt":{"rendered":"La premi\u00e8re phase de d\u00e9ploiement de ce r\u00e9seau, qui se poursuivra jusqu&rsquo;en 2026, bat son plein. \u00ab\u00a0L\u2019objectif est&hellip;\n","protected":false},"author":2,"featured_media":157621,"comment_status":"","ping_status":"","sticky":false,"template":"","format":"standard","meta":{"footnotes":""},"categories":[1592],"tags":[1111,11,1933,1936,1777,1939,674,1011,27,662,1934,12,1940,626,1935,25,1937,1941,1938],"class_list":{"0":"post-157620","1":"post","2":"type-post","3":"status-publish","4":"format-standard","5":"has-post-thumbnail","7":"category-ile-de-france","8":"tag-actu","9":"tag-actualites","10":"tag-actualites-locales","11":"tag-essonne","12":"tag-eu","13":"tag-eure-et-loir","14":"tag-europe","15":"tag-fr","16":"tag-france","17":"tag-ile-de-france","18":"tag-infos-locales","19":"tag-news","20":"tag-oise","21":"tag-paris","22":"tag-pres-de-chez-vous","23":"tag-republique-francaise","24":"tag-seine-et-marne","25":"tag-somme","26":"tag-yvelines"},"share_on_mastodon":{"url":"https:\/\/pubeurope.com\/@fr\/114638877091288984","error":""},"_links":{"self":[{"href":"https:\/\/www.europesays.com\/fr\/wp-json\/wp\/v2\/posts\/157620","targetHints":{"allow":["GET"]}}],"collection":[{"href":"https:\/\/www.europesays.com\/fr\/wp-json\/wp\/v2\/posts"}],"about":[{"href":"https:\/\/www.europesays.com\/fr\/wp-json\/wp\/v2\/types\/post"}],"author":[{"embeddable":true,"href":"https:\/\/www.europesays.com\/fr\/wp-json\/wp\/v2\/users\/2"}],"replies":[{"embeddable":true,"href":"https:\/\/www.europesays.com\/fr\/wp-json\/wp\/v2\/comments?post=157620"}],"version-history":[{"count":0,"href":"https:\/\/www.europesays.com\/fr\/wp-json\/wp\/v2\/posts\/157620\/revisions"}],"wp:featuredmedia":[{"embeddable":true,"href":"https:\/\/www.europesays.com\/fr\/wp-json\/wp\/v2\/media\/157621"}],"wp:attachment":[{"href":"https:\/\/www.europesays.com\/fr\/wp-json\/wp\/v2\/media?parent=157620"}],"wp:term":[{"taxonomy":"category","embeddable":true,"href":"https:\/\/www.europesays.com\/fr\/wp-json\/wp\/v2\/categories?post=157620"},{"taxonomy":"post_tag","embeddable":true,"href":"https:\/\/www.europesays.com\/fr\/wp-json\/wp\/v2\/tags?post=157620"}],"curies":[{"name":"wp","href":"https:\/\/api.w.org\/{rel}","templated":true}]}}