{"id":157628,"date":"2025-06-06T22:56:16","date_gmt":"2025-06-06T22:56:16","guid":{"rendered":"https:\/\/www.europesays.com\/fr\/157628\/"},"modified":"2025-06-06T22:56:16","modified_gmt":"2025-06-06T22:56:16","slug":"nodaleto-devoile-son-offre-elargie-dans-un-concept-pop-up-a-paris-3","status":"publish","type":"post","link":"https:\/\/www.europesays.com\/fr\/157628\/","title":{"rendered":"Nodaleto d\u00e9voile son offre \u00e9largie dans un \u00ab\u00a0concept pop-up\u00a0\u00bb \u00e0 Paris"},"content":{"rendered":"<p class=\"article-content col-md-8 offset-md-1\">\n                                Apr\u00e8s un premier espace \u00e9ph\u00e9m\u00e8re en 2020 pour accompagner son lancement, Nodaleto revient \u00e0 Paris avec un pop-up store \u00ab\u00a0immersif\u00a0\u00bb. En six ans, la marque de souliers de Julia Toledano a \u00e9volu\u00e9 et gagn\u00e9 en maturit\u00e9, tout en \u00e9tendant son offre \u00e0 d\u2019autres cat\u00e9gories de produits \u00e0 travers des collaborations via la nouvelle ligne Noda, d\u00e9voil\u00e9e pour l\u2019occasion. Le magasin, qui reste ouvert jusqu\u2019au 26 juin, s\u2019est install\u00e9 au num\u00e9ro 5 de la rue Rouget de Lisle\u00a0\u00e0 deux pas des Tuileries et de la Condorde, derri\u00e8re la rue Saint Honor\u00e9.<\/p>\n<p><img decoding=\"async\" class=\"news-image\" style=\"width:100%;max-width:774px;\" src=\"https:\/\/www.europesays.com\/fr\/wp-content\/uploads\/2025\/06\/e592.jpg\" alt=\"L'espace de 100 m\u00e8tres carr\u00e9s est situ\u00e9 non loin de la rue Saint-Honor\u00e9\" loading=\"lazy\"\/>L&rsquo;espace de 100 m\u00e8tres carr\u00e9s est situ\u00e9 non loin de la rue Saint-Honor\u00e9 &#8211; Nodaleto<\/p>\n<p class=\"col-md-8 offset-md-1 article-content--texte\">Apr\u00e8s avoir ouvert un magasin temporaire pendant deux ans \u00e0 Miami, aux Etats-Unis, entre 2022 et 2024, l\u2019objectif pour la marque, connue pour son mod\u00e8le de babies Bulla \u00e0 double bride et talon \u00e9pais \u00e9vas\u00e9, est de se reconnecter avec sa client\u00e8le parisienne, la plus active sur son site marchand, tout en s\u2019ouvrant \u00e0 la vente directe physique en testant le march\u00e9.<\/p>\n<p>Ces derni\u00e8res ann\u00e9es, Nodaleto a r\u00e9duit le nombre de ses revendeurs \u00e0 une cinquantaine s\u00e9lectionnant les magasins les plus en phase avec la marque en fonction de la demande des march\u00e9s. Dans la capitale, elle est notamment pr\u00e9sente avec des corners aux <a class=\"fnwAddLinks\" href=\"https:\/\/be.fashionnetwork.com\/tags-galeries-lafayette\" title=\"Galeries Lafayette\" target=\"_blank\" rel=\"noopener\">Galeries Lafayette<\/a>, au <a class=\"fnwAddLinks\" href=\"https:\/\/be.fashionnetwork.com\/tags-printemps\" title=\"Printemps\" target=\"_blank\" rel=\"noopener\">Printemps<\/a> et au Bon March\u00e9.<\/p>\n<p class=\"col-md-8 offset-md-1 article-content--texte\">\u00ab\u00a0Il \u00e9tait plus logique pour nous de nous concentrer sur les magasins cl\u00e9s afin de garantir des partenariats de qualit\u00e9, plut\u00f4t que miser sur la quantit\u00e9, et d&rsquo;\u00eatre en mesure d&rsquo;offrir un partenariat de haut niveau\u00a0\u00bb, nous explique Julia Toledano, qui n\u2019est autre que la fille de <a class=\"fnwAddLinks\" href=\"https:\/\/be.fashionnetwork.com\/tags-sidney-toledano\" title=\"Sidney Toledano\" target=\"_blank\" rel=\"noopener\">Sidney Toledano<\/a>, manager au long cours de <a class=\"fnwAddLinks\" href=\"https:\/\/be.fashionnetwork.com\/tags-lvmh\" title=\"LVMH\" target=\"_blank\" rel=\"noopener\">LVMH<\/a> qui s\u2019occupe de la division Fashion Group.<\/p>\n<p><img decoding=\"async\" class=\"news-image\" style=\"width:100%;max-width:774px;\" src=\"https:\/\/www.europesays.com\/fr\/wp-content\/uploads\/2025\/06\/d929.jpg\" alt=\"Julia Toledano\" loading=\"lazy\"\/>Julia Toledano &#8211; Nodaleto<\/p>\n<p class=\"col-md-8 offset-md-1 article-content--texte\">Am\u00e9nag\u00e9 en collaboration avec le studio Necchi Architecture, l\u2019espace de 100 m\u00e8tres carr\u00e9s, envelopp\u00e9 d\u2019une moquette brune, se pr\u00e9sente comme un \u00e9crin cocon, une sorte de concept-store, qui d\u00e9gage avant tout un style dans un esprit \u00e0 la fois \u00e9l\u00e9gant et d\u00e9cal\u00e9. L\u2019ensemble est minimaliste avec juste quelques objets design c\u00f4toyant les produits expos\u00e9s. Le magasin accueille aussi Nodacaf\u00e9, un coin boissons con\u00e7u avec le caf\u00e9 parisien Maurice Sfez.<\/p>\n<p>Au c\u00f4t\u00e9 de sa collection de souliers permanente, pr\u00e9sentant notamment une s\u00e9lection de sandales vendues \u00e0 un peu plus de 600 euros, Nodaleto propose les mod\u00e8les de sa r\u00e9cente collaboration avec le label br\u00e9silien de chaussures en caoutchouc Melissa et une offre de v\u00eatements et autres accessoires via la nouvelle ligne Noda, fruit de collaborations avec des marques \u00ab\u00a0amies\u00a0\u00bb, telles que Mysteryjoy pour les bijoux, Seconde Vue pour les lunettes vintage et d\u2019occasion, les mailles sexy seconde peau de La Galpa, et les maillots de bain et bikinis de Dolla.<\/p>\n<p>Comme le souligne la marque dans un communiqu\u00e9, \u00ab\u00a0ces collaborations limit\u00e9es, co-imagin\u00e9es par Julia Toledano et par des cr\u00e9ateurs choisis pour leur vision singuli\u00e8re, prolongeant le vestiaire et l\u2019univers de Nodaleto \u00e0 travers diff\u00e9rents prismes cr\u00e9atifs, et incarnent des affinit\u00e9s \u00e9lectives\u00a0\u00bb.<\/p>\n<p><img decoding=\"async\" class=\"news-image\" style=\"width:100%;\" src=\"https:\/\/www.europesays.com\/fr\/wp-content\/uploads\/2025\/06\/e2d7.jpg\" alt=\"Un aper\u00e7u de l'int\u00e9rieur du magasin\" loading=\"lazy\"\/>Un aper\u00e7u de l&rsquo;int\u00e9rieur du magasin &#8211; Nodaleto<\/p>\n<p class=\"col-md-8 offset-md-1 article-content--texte\">Julia Toledano a cofond\u00e9 la maison en 2019 avec Olivier Leone en charge de l&rsquo;image, qui a quitt\u00e9 l\u2019entreprise en juin\u00a02023, en misant d\u00e8s le d\u00e9part sur la qualit\u00e9 du produit, avec une production situ\u00e9e \u00e0 Venise, en Italie, et un positionnement haut de gamme<\/p>\n<p>Elle d\u00e9crit son style comme \u00ab\u00a0une exploration de la nostalgie vintage m\u00e9lang\u00e9e \u00e0 des r\u00e9f\u00e9rences modernes, toujours ludiques et chics\u00a0\u00bb. \u00ab\u00a0Je cr\u00e9e avec la conviction qu&rsquo;une garde-robe doit compl\u00e9ter un style de vie actif et soutenir au quotidien. Cela a toujours \u00e9t\u00e9 mon intention avec Nodaleto: cr\u00e9er des pi\u00e8ces joyeuses, chics, intemporelles et ancr\u00e9es dans la r\u00e9alit\u00e9\u00a0\u00bb, glisse-t-elle.\n                            <\/p>\n<p>\n                                Tous droits de reproduction et de repr\u00e9sentation r\u00e9serv\u00e9s.<br \/>\u00a9 2025 FashionNetwork.com\n                            <\/p>\n","protected":false},"excerpt":{"rendered":"Apr\u00e8s un premier espace \u00e9ph\u00e9m\u00e8re en 2020 pour accompagner son lancement, Nodaleto revient \u00e0 Paris avec un pop-up&hellip;\n","protected":false},"author":2,"featured_media":156864,"comment_status":"","ping_status":"","sticky":false,"template":"","format":"standard","meta":{"footnotes":""},"categories":[1888],"tags":[11,2424,537,2423,1777,674,1011,27,4238,8827,2425,7484,985,12,2298,626,4767,2426,2427,25,2421,28775,2422],"class_list":{"0":"post-157628","1":"post","2":"type-post","3":"status-publish","4":"format-standard","5":"has-post-thumbnail","7":"category-paris","8":"tag-actualites","9":"tag-beaute","10":"tag-contact","11":"tag-cosmetiques","12":"tag-eu","13":"tag-europe","14":"tag-fr","15":"tag-france","16":"tag-galeries-lafayette","17":"tag-le-bon-marche","18":"tag-luxe","19":"tag-lvmh","20":"tag-mode","21":"tag-news","22":"tag-parfum","23":"tag-paris","24":"tag-printemps","25":"tag-professionnel","26":"tag-professionnels","27":"tag-republique-francaise","28":"tag-reseau","29":"tag-sidney-toledano","30":"tag-textile"},"share_on_mastodon":{"url":"https:\/\/pubeurope.com\/@fr\/114638892854551962","error":""},"_links":{"self":[{"href":"https:\/\/www.europesays.com\/fr\/wp-json\/wp\/v2\/posts\/157628","targetHints":{"allow":["GET"]}}],"collection":[{"href":"https:\/\/www.europesays.com\/fr\/wp-json\/wp\/v2\/posts"}],"about":[{"href":"https:\/\/www.europesays.com\/fr\/wp-json\/wp\/v2\/types\/post"}],"author":[{"embeddable":true,"href":"https:\/\/www.europesays.com\/fr\/wp-json\/wp\/v2\/users\/2"}],"replies":[{"embeddable":true,"href":"https:\/\/www.europesays.com\/fr\/wp-json\/wp\/v2\/comments?post=157628"}],"version-history":[{"count":0,"href":"https:\/\/www.europesays.com\/fr\/wp-json\/wp\/v2\/posts\/157628\/revisions"}],"wp:featuredmedia":[{"embeddable":true,"href":"https:\/\/www.europesays.com\/fr\/wp-json\/wp\/v2\/media\/156864"}],"wp:attachment":[{"href":"https:\/\/www.europesays.com\/fr\/wp-json\/wp\/v2\/media?parent=157628"}],"wp:term":[{"taxonomy":"category","embeddable":true,"href":"https:\/\/www.europesays.com\/fr\/wp-json\/wp\/v2\/categories?post=157628"},{"taxonomy":"post_tag","embeddable":true,"href":"https:\/\/www.europesays.com\/fr\/wp-json\/wp\/v2\/tags?post=157628"}],"curies":[{"name":"wp","href":"https:\/\/api.w.org\/{rel}","templated":true}]}}