{"id":157633,"date":"2025-06-06T22:59:16","date_gmt":"2025-06-06T22:59:16","guid":{"rendered":"https:\/\/www.europesays.com\/fr\/157633\/"},"modified":"2025-06-06T22:59:16","modified_gmt":"2025-06-06T22:59:16","slug":"le-kremlin-doute-que-le-conflit-entre-trump-et-musk-ait-un-impact-sur-le-reglement-de-la-guerre-en-ukraine","status":"publish","type":"post","link":"https:\/\/www.europesays.com\/fr\/157633\/","title":{"rendered":"Le Kremlin doute que le conflit entre Trump et Musk ait un impact sur le r\u00e8glement de la guerre en Ukraine"},"content":{"rendered":"<p style=\"text-align:justify;\">AA \/ Moscou \/ Elena Teslova<\/p>\n<p style=\"text-align:justify;\">Le porte-parole du Kremlin a exprim\u00e9 vendredi des doutes quant \u00e0 l\u2019impact que pourraient avoir les controverses entre le pr\u00e9sident am\u00e9ricain Donald Trump et le milliardaire Elon Musk sur le r\u00e8glement du conflit en Ukraine.<\/p>\n<p style=\"text-align:justify;\">Lors d\u2019un point presse \u00e0 Moscou, Dmitri Peskov a refus\u00e9 de commenter les \u00e9changes verbaux entre Trump et Musk, les qualifiant de \u00ab question int\u00e9rieure aux \u00c9tats-Unis \u00bb.<\/p>\n<p style=\"text-align:justify;\">\u00ab Les dirigeants de pays sont simultan\u00e9ment engag\u00e9s dans un tr\u00e8s grand nombre de dossiers, plus ou moins importants \u00bb, a-t-il d\u00e9clar\u00e9, ajoutant que \u00ab Les chefs d\u2019\u00c9tat ont suffisamment de temps pour tout. \u00bb<\/p>\n<p style=\"text-align:justify;\">Il a par ailleurs d\u00e9sapprouv\u00e9 la description du conflit ukrainien par Trump comme une \u00ab bagarre dans une cour d\u2019\u00e9cole \u00bb.<\/p>\n<p style=\"text-align:justify;\">\u00ab Pour nous, c\u2019est une question existentielle, une question li\u00e9e \u00e0 nos int\u00e9r\u00eats nationaux, \u00e0 notre s\u00e9curit\u00e9, \u00e0 l\u2019avenir de nos enfants et de notre pays \u00bb, a-t-il soulign\u00e9.<\/p>\n<p style=\"text-align:justify;\">Peskov a \u00e9galement insist\u00e9 sur le fait que l\u2019\u00ab op\u00e9ration militaire sp\u00e9ciale \u00bb de la Russie avait \u00e9t\u00e9 lanc\u00e9e apr\u00e8s l\u2019\u00e9puisement de tous les moyens politiques et diplomatiques.<\/p>\n<p style=\"text-align:justify;\">\u00ab Ces moyens ont \u00e9t\u00e9 \u00e9puis\u00e9s apr\u00e8s le rejet de toutes nos initiatives par le camp occidental \u00bb, a-t-il pr\u00e9cis\u00e9.<\/p>\n<p style=\"text-align:justify;\">Trump peut avoir sa propre vision du conflit, a-t-il reconnu, mais pour la Russie, le dialogue avec les \u00c9tats-Unis reste important. Il a ajout\u00e9 que les deux pays continuaient \u00e0 communiquer par divers canaux et que Washington \u00ab poursuivait ses efforts de m\u00e9diation pour une r\u00e9solution \u00bb en Ukraine, des efforts que Moscou dit appr\u00e9cier.<\/p>\n<p style=\"text-align:justify;\">Interrog\u00e9 sur une \u00e9ventuelle riposte de la Russie face aux r\u00e9centes attaques ukrainiennes contre les chemins de fer, Peskov a affirm\u00e9 que toutes les actions men\u00e9es par l\u2019arm\u00e9e russe dans le cadre de \u00abl\u2019op\u00e9ration sp\u00e9ciale \u00bb \u00e9taient \u00ab une r\u00e9ponse aux actions du r\u00e9gime de Kiev\u00bb.<\/p>\n<p style=\"text-align:justify;\">\u00ab En ce qui concerne sp\u00e9cifiquement les frappes nocturnes (contre des cibles en Ukraine), si vous avez bien lu les d\u00e9clarations du minist\u00e8re russe de la D\u00e9fense, il est pr\u00e9cis\u00e9 qu\u2019elles sont une r\u00e9ponse aux actes terroristes du r\u00e9gime de Kiev \u00bb, a-t-il ajout\u00e9.<\/p>\n<p style=\"text-align:justify;\">Au cours de la semaine \u00e9coul\u00e9e, l\u2019Ukraine a men\u00e9 une s\u00e9rie d\u2019attaques contre des infrastructures ferroviaires dans les r\u00e9gions frontali\u00e8res russes.<\/p>\n<p style=\"text-align:justify;\">La plus importante a eu lieu dans la nuit du 31 mai au 1er juin, avec la destruction de deux ponts, l&rsquo;un routier dans la r\u00e9gion de Briansk et l&rsquo;autre ferroviaire dans la r\u00e9gion de Koursk. Ces attaques ont fait sept morts et 119 bless\u00e9s.<\/p>\n<p style=\"text-align:justify;\">*Traduit de l&rsquo;anglais par Sanaa Amir<\/p>\n<p>                            &#13;<br \/>\n                                <a href=\"https:\/\/www.aa.com.tr\/fr\/p\/abonnement\/1001\" target=\"_blank\" style=\"font-size:12px; color:#444; text-decoration:none;\" rel=\"noopener\">&#13;<br \/>\n                                    Seulement une partie des d\u00e9p\u00eaches, que l&rsquo;Agence Anadolu diffuse \u00e0 ses abonn\u00e9s via le Syst\u00e8me de Diffusion interne (HAS), est diffus\u00e9e sur le site de l&rsquo;AA, de mani\u00e8re r\u00e9sum\u00e9e. <b style=\"color:#1897F7\">Contactez-nous s&rsquo;il vous pla\u00eet pour vous abonner.<\/b>&#13;<br \/>\n                                <\/a>&#13;<\/p>\n","protected":false},"excerpt":{"rendered":"AA \/ Moscou \/ Elena Teslova Le porte-parole du Kremlin a exprim\u00e9 vendredi des doutes quant \u00e0 l\u2019impact&hellip;\n","protected":false},"author":2,"featured_media":157634,"comment_status":"","ping_status":"","sticky":false,"template":"","format":"standard","meta":{"footnotes":""},"categories":[1590],"tags":[11,1785,11968,28868,75,46,1777,674,12,220],"class_list":{"0":"post-157633","1":"post","2":"type-post","3":"status-publish","4":"format-standard","5":"has-post-thumbnail","7":"category-ukraine","8":"tag-actualites","9":"tag-anadolu-ajansi","10":"tag-conflit-ukrainien","11":"tag-dmitry-peskov","12":"tag-donald-trump","13":"tag-elon-musk","14":"tag-eu","15":"tag-europe","16":"tag-news","17":"tag-ukraine"},"share_on_mastodon":{"url":"https:\/\/pubeurope.com\/@fr\/114638904676506679","error":""},"_links":{"self":[{"href":"https:\/\/www.europesays.com\/fr\/wp-json\/wp\/v2\/posts\/157633","targetHints":{"allow":["GET"]}}],"collection":[{"href":"https:\/\/www.europesays.com\/fr\/wp-json\/wp\/v2\/posts"}],"about":[{"href":"https:\/\/www.europesays.com\/fr\/wp-json\/wp\/v2\/types\/post"}],"author":[{"embeddable":true,"href":"https:\/\/www.europesays.com\/fr\/wp-json\/wp\/v2\/users\/2"}],"replies":[{"embeddable":true,"href":"https:\/\/www.europesays.com\/fr\/wp-json\/wp\/v2\/comments?post=157633"}],"version-history":[{"count":0,"href":"https:\/\/www.europesays.com\/fr\/wp-json\/wp\/v2\/posts\/157633\/revisions"}],"wp:featuredmedia":[{"embeddable":true,"href":"https:\/\/www.europesays.com\/fr\/wp-json\/wp\/v2\/media\/157634"}],"wp:attachment":[{"href":"https:\/\/www.europesays.com\/fr\/wp-json\/wp\/v2\/media?parent=157633"}],"wp:term":[{"taxonomy":"category","embeddable":true,"href":"https:\/\/www.europesays.com\/fr\/wp-json\/wp\/v2\/categories?post=157633"},{"taxonomy":"post_tag","embeddable":true,"href":"https:\/\/www.europesays.com\/fr\/wp-json\/wp\/v2\/tags?post=157633"}],"curies":[{"name":"wp","href":"https:\/\/api.w.org\/{rel}","templated":true}]}}