{"id":15767,"date":"2025-04-10T20:03:12","date_gmt":"2025-04-10T20:03:12","guid":{"rendered":"https:\/\/www.europesays.com\/fr\/15767\/"},"modified":"2025-04-10T20:03:12","modified_gmt":"2025-04-10T20:03:12","slug":"un-parc-dattractions-universal-au-royaume-uni-pour-concurrencer-disneyland-paris","status":"publish","type":"post","link":"https:\/\/www.europesays.com\/fr\/15767\/","title":{"rendered":"Un parc d\u2019attractions Universal au Royaume-Uni, pour concurrencer Disneyland Paris"},"content":{"rendered":"\n<p>Nich\u00e9e entre <a href=\"https:\/\/www.courrierinternational.com\/article\/le-royaume-uni-echappe-au-pire-des-droits-de-douane-merci-le-brexit_229489\" rel=\"nofollow noopener\" target=\"_blank\">la hausse des droits de douane de Donald Trump<\/a> et <a href=\"https:\/\/www.courrierinternational.com\/une\/economie-au-royaume-uni-la-petite-musique-du-declin-resonne-a-nouveau_229181\" rel=\"nofollow noopener\" target=\"_blank\">les coupes budg\u00e9taires annonc\u00e9es<\/a> par le gouvernement travailliste britannique, \u201cune rare bonne nouvelle \u00e9conomique\u00a0est tomb\u00e9e\u201d, <a class=\"ithalc\" data-ithal=\"lien_externe\" data-ithalc=\"[nav_article]\" target=\"_blank\" href=\"https:\/\/www.thetimes.com\/comment\/the-times-view\/article\/universals-new-theme-park-in-bedford-plays-to-british-strengths-57qktllcj\" rel=\"nofollow noopener\">souffle <strong>The Times<\/strong><\/a><strong>\u00a0<\/strong>:<strong> <\/strong>les studios Universal (Jurassic Park, Les Minions, etc.) ont choisi le Royaume-Uni pour la construction de leur premier parc d\u2019attractions europ\u00e9en. \u201cApr\u00e8s avoir rat\u00e9 Euro Disney\u201d (devenu Disneyland Paris) au profit de la France dans les ann\u00e9es 1980, le pays va donc enfin accueillir un parc d\u2019attractions majeur, <a class=\"ithalc\" data-ithal=\"lien_externe\" data-ithalc=\"[nav_article]\" target=\"_blank\" href=\"https:\/\/www.nytimes.com\/2025\/04\/09\/world\/europe\/britain-universal-theme-park.html\" rel=\"nofollow noopener\">souligne <strong>The New York Times<\/strong><\/a><strong>.<\/strong><\/p>\n<p>La nouvelle, \u201cquasi unanimement bien accueillie\u201d selon The Times, a \u00e9t\u00e9 officialis\u00e9e mercredi 9\u00a0avril pr\u00e8s du site retenu, au nord de Londres, par le Premier ministre Keir Starmer et Mike Cavanagh, PDG de Comcast, maison m\u00e8re d\u2019Universal.<\/p>\n<p>Le choix d\u2019un ancien site industriel des environs de Bedford, ville situ\u00e9e \u00e0 une petite centaine de kilom\u00e8tres de la capitale, \u201cse r\u00e9v\u00e8le astucieux\u201d, estime le quotidien londonie<\/p>\n","protected":false},"excerpt":{"rendered":"Nich\u00e9e entre la hausse des droits de douane de Donald Trump et les coupes budg\u00e9taires annonc\u00e9es par le&hellip;\n","protected":false},"author":2,"featured_media":15768,"comment_status":"","ping_status":"","sticky":false,"template":"","format":"standard","meta":{"footnotes":""},"categories":[1588],"tags":[11,1777,674,1393,12,473,1853,1857,2542,1851,1850,1852],"class_list":{"0":"post-15767","1":"post","2":"type-post","3":"status-publish","4":"format-standard","5":"has-post-thumbnail","7":"category-royaume-uni","8":"tag-actualites","9":"tag-eu","10":"tag-europe","11":"tag-loisirs","12":"tag-news","13":"tag-royaume-uni","14":"tag-royaume-uni-de-grande-bretagne-et-dirlande-du-nord","15":"tag-sociu00e9tu00e9","16":"tag-u00e9conomie","17":"tag-uk","18":"tag-united-kingdom","19":"tag-united-kingdom-of-great-britain-and-northern-ireland"},"share_on_mastodon":{"url":"https:\/\/pubeurope.com\/@fr\/114315460804718692","error":""},"_links":{"self":[{"href":"https:\/\/www.europesays.com\/fr\/wp-json\/wp\/v2\/posts\/15767","targetHints":{"allow":["GET"]}}],"collection":[{"href":"https:\/\/www.europesays.com\/fr\/wp-json\/wp\/v2\/posts"}],"about":[{"href":"https:\/\/www.europesays.com\/fr\/wp-json\/wp\/v2\/types\/post"}],"author":[{"embeddable":true,"href":"https:\/\/www.europesays.com\/fr\/wp-json\/wp\/v2\/users\/2"}],"replies":[{"embeddable":true,"href":"https:\/\/www.europesays.com\/fr\/wp-json\/wp\/v2\/comments?post=15767"}],"version-history":[{"count":0,"href":"https:\/\/www.europesays.com\/fr\/wp-json\/wp\/v2\/posts\/15767\/revisions"}],"wp:featuredmedia":[{"embeddable":true,"href":"https:\/\/www.europesays.com\/fr\/wp-json\/wp\/v2\/media\/15768"}],"wp:attachment":[{"href":"https:\/\/www.europesays.com\/fr\/wp-json\/wp\/v2\/media?parent=15767"}],"wp:term":[{"taxonomy":"category","embeddable":true,"href":"https:\/\/www.europesays.com\/fr\/wp-json\/wp\/v2\/categories?post=15767"},{"taxonomy":"post_tag","embeddable":true,"href":"https:\/\/www.europesays.com\/fr\/wp-json\/wp\/v2\/tags?post=15767"}],"curies":[{"name":"wp","href":"https:\/\/api.w.org\/{rel}","templated":true}]}}