{"id":157674,"date":"2025-06-06T23:24:11","date_gmt":"2025-06-06T23:24:11","guid":{"rendered":"https:\/\/www.europesays.com\/fr\/157674\/"},"modified":"2025-06-06T23:24:11","modified_gmt":"2025-06-06T23:24:11","slug":"dante-se-lache-sur-le-psg-et-marquinhos","status":"publish","type":"post","link":"https:\/\/www.europesays.com\/fr\/157674\/","title":{"rendered":"Dante se l\u00e2che sur le PSG et Marquinhos"},"content":{"rendered":"<p><strong>Dante, d\u00e9fenseur de l\u2019OGC Nice, s\u2019est exprim\u00e9 dans L\u2019\u00c9quipe sur le sacre du Paris Saint-Germain en Ligue des champions contre l\u2019Inter Milan (5-0). Il revient sur le d\u00e9clic du club parisien face \u00e0 Liverpool et rend un hommage appuy\u00e9 \u00e0 Marquinhos, symbole de la r\u00e9ussite collective du PSG.<\/strong><\/p>\n<p>Dante \u00ab\u00a0A partir de ce moment, j\u2019ai dit \u00e0 tout le monde que Paris irait au bout\u00a0\u00bb<\/p>\n<blockquote>\n<p>\u00ab\u00a0Le d\u00e9clic a \u00e9t\u00e9 le retour contre Liverpool. A partir de ce moment, j\u2019ai dit \u00e0 tout le monde que Paris irait au bout. Montrer autant de personnalit\u00e9 face \u00e0 une \u00e9quipe aussi forte, c\u2019\u00e9tait un signal admirable. Il s\u2019agit d\u2019une finale en forme d\u2019apoth\u00e9ose. Je ne suis pas surpris, car ce Paris est tout simplement injouable. En tant que joueur de Ligue 1, je suis tr\u00e8s heureux.<\/p>\n<\/blockquote>\n<p>Dante \u00ab\u00a0J\u2019ai \u00e9t\u00e9 tr\u00e8s touch\u00e9 par son \u00e9motion car il m\u00e9rite tout ce qu\u2019il lui arrive\u00a0\u00bb<\/p>\n<blockquote>\n<p><strong>Des coups de c\u0153ur ?<\/strong><\/p>\n<p>Un entra\u00eeneur qui a insuffl\u00e9 un \u00e9tat d\u2019esprit collectif \u00e0 ses stars, des valeurs exceptionnelles. Marqui a toujours \u00e9t\u00e9 un ph\u00e9nom\u00e8ne. Je lui avais dit : \u2018Continue de travailler aussi s\u00e9rieusement et profite du meilleur professeur du monde : Thiago Silva\u2019. C\u2019est ce qu\u2019il a fait.<\/p>\n<p>On ne se rend pas bien compte de la carri\u00e8re qu\u2019il r\u00e9alise. J\u2019ai \u00e9t\u00e9 tr\u00e8s touch\u00e9 par son \u00e9motion car il m\u00e9rite tout ce qu\u2019il lui arrive. Le joueur, tout le monde le conna\u00eet mais c\u2019est surtout un homme de grande valeur, une personnalit\u00e9 rare. Je suis tr\u00e8s fier de lui.\u00a0\u00bb<\/p>\n<\/blockquote>\n<p>Le parcours du Paris Saint-Germain en Ligue des champions a marqu\u00e9 un v\u00e9ritable tournant dans la perception du club par ses adversaires. Pour Dante, le PSG a atteint un niveau de maturit\u00e9 et de puissance collective qui le rend aujourd\u2019hui quasiment injouable. La d\u00e9monstration de force face \u00e0 Liverpool a envoy\u00e9 un message clair \u00e0 toute l\u2019Europe\u202f: Paris n\u2019est plus seulement un outsider, mais une r\u00e9f\u00e9rence \u00e0 craindre.<\/p>\n<p>Cette transformation s\u2019accompagne d\u2019un respect grandissant, m\u00eame chez les concurrents directs de Ligue 1. Dante insiste sur l\u2019impact de l\u2019\u00e9tat d\u2019esprit insuffl\u00e9 par l\u2019entra\u00eeneur, capable de f\u00e9d\u00e9rer des individualit\u00e9s autour d\u2019un projet commun. D\u00e9sormais, affronter le PSG, c\u2019est se mesurer \u00e0 une \u00e9quipe qui impose son autorit\u00e9 et sa confiance, et qui force l\u2019admiration par sa coh\u00e9sion et son exigence. Ce changement de statut, Dante l\u2019observe avec fiert\u00e9, conscient que le PSG inspire aujourd\u2019hui autant de respect que de d\u00e9fiance sur la sc\u00e8ne europ\u00e9enne.<\/p>\n<p>\t\t\t\t\t\t\t\t\t\t\t\t\t\t\t\t\t\t\t\t\t\t\t<img loading=\"lazy\" src=\"https:\/\/www.europesays.com\/fr\/wp-content\/uploads\/2025\/04\/ParisFans_Logo.png\" decoding=\"async\" class=\"lazyload\" width=\"240\" height=\"54\" data-eio-rwidth=\"240\" data-eio-rheight=\"54\"\/><\/p>\n","protected":false},"excerpt":{"rendered":"Dante, d\u00e9fenseur de l\u2019OGC Nice, s\u2019est exprim\u00e9 dans L\u2019\u00c9quipe sur le sacre du Paris Saint-Germain en Ligue des&hellip;\n","protected":false},"author":2,"featured_media":157675,"comment_status":"","ping_status":"","sticky":false,"template":"","format":"standard","meta":{"footnotes":""},"categories":[9],"tags":[13723,1011,27,60],"class_list":{"0":"post-157674","1":"post","2":"type-post","3":"status-publish","4":"format-standard","5":"has-post-thumbnail","7":"category-sports","8":"tag-dante","9":"tag-fr","10":"tag-france","11":"tag-sports"},"share_on_mastodon":{"url":"https:\/\/pubeurope.com\/@fr\/114639002978043479","error":""},"_links":{"self":[{"href":"https:\/\/www.europesays.com\/fr\/wp-json\/wp\/v2\/posts\/157674","targetHints":{"allow":["GET"]}}],"collection":[{"href":"https:\/\/www.europesays.com\/fr\/wp-json\/wp\/v2\/posts"}],"about":[{"href":"https:\/\/www.europesays.com\/fr\/wp-json\/wp\/v2\/types\/post"}],"author":[{"embeddable":true,"href":"https:\/\/www.europesays.com\/fr\/wp-json\/wp\/v2\/users\/2"}],"replies":[{"embeddable":true,"href":"https:\/\/www.europesays.com\/fr\/wp-json\/wp\/v2\/comments?post=157674"}],"version-history":[{"count":0,"href":"https:\/\/www.europesays.com\/fr\/wp-json\/wp\/v2\/posts\/157674\/revisions"}],"wp:featuredmedia":[{"embeddable":true,"href":"https:\/\/www.europesays.com\/fr\/wp-json\/wp\/v2\/media\/157675"}],"wp:attachment":[{"href":"https:\/\/www.europesays.com\/fr\/wp-json\/wp\/v2\/media?parent=157674"}],"wp:term":[{"taxonomy":"category","embeddable":true,"href":"https:\/\/www.europesays.com\/fr\/wp-json\/wp\/v2\/categories?post=157674"},{"taxonomy":"post_tag","embeddable":true,"href":"https:\/\/www.europesays.com\/fr\/wp-json\/wp\/v2\/tags?post=157674"}],"curies":[{"name":"wp","href":"https:\/\/api.w.org\/{rel}","templated":true}]}}