{"id":157692,"date":"2025-06-06T23:33:26","date_gmt":"2025-06-06T23:33:26","guid":{"rendered":"https:\/\/www.europesays.com\/fr\/157692\/"},"modified":"2025-06-06T23:33:26","modified_gmt":"2025-06-06T23:33:26","slug":"trois-jours-de-gros-son-au-zenith","status":"publish","type":"post","link":"https:\/\/www.europesays.com\/fr\/157692\/","title":{"rendered":"trois jours de gros son au Z\u00e9nith"},"content":{"rendered":"<p>Ce week-end, le <a href=\"https:\/\/www.estrepublicain.fr\/p\/zenith-du-grand-nancy\" target=\"_blank\" rel=\"nofollow noopener\">Z\u00e9nith du Grand Nancy<\/a> se transforme en temple du metal\u00a0!<\/p>\n<p>D\u00e8s 17h30 ce vendredi, blast beats, chants gutturaux et solos de guitare vont r\u00e9sonner dans l&rsquo;enceinte en plein air.<\/p>\n<p>Apr\u00e8s l&rsquo;ouverture des portes \u00e0 17h, les groupes s&rsquo;encha\u00eeneront jusqu&rsquo;\u00e0 23h30\u00a0: c&rsquo;est ainsi le groupe Powerwolf qui aura la lourde charge de fermer le ban de cette premi\u00e8re journ\u00e9e. Avant cela, Vandenberg, Battle Beast et Saxon, groupe embl\u00e9matique du heavy metal des ann\u00e9es 80, auront fait vibrer la foule.<\/p>\n<p>Le samedi, l&rsquo;affiche sera encore belle, avec deux noms iconiques de la sc\u00e8ne metal dans le monde\u00a0: Dream Theater et Europe. Si les seconds, qui joueront \u00e0 partir de 20h samedi, se sont faits conna\u00eetre avec leurs notes de synth\u00e9 de The Final Countdown, le second groupe, emmen\u00e9 par Mike Portnoy \u00e0 la batterie, peut compter sur une solide discographie, avec des morceaux affichant une dur\u00e9e allant jusqu&rsquo;\u00e0&#8230; 42 minutes\u00a0!<\/p>\n<p>Il y a fort \u00e0 parier qu&rsquo;ils ne joueront pas cette \u00e9pop\u00e9e sur sc\u00e8ne ce samedi mais, pour le plaisir, on vous la diffuse. Elle avait notamment \u00e9t\u00e9 jou\u00e9e sur la tourn\u00e9e de 2006.<\/p>\n<p>Le dimanche sera sans doute la journ\u00e9e la plus attendue par les fans. Au programme\u00a0: les Fran\u00e7ais de Rise of the North Star, qui proposera son crossover metal fortement inspir\u00e9 du Japon.<\/p>\n<p>Suivront les parisiens de Mass Hysteria, en d\u00e9but de soir\u00e9e. Fond\u00e9 en 1993, le groupe de metal industriel a \u00e9cum\u00e9 les plus grandes sc\u00e8nes de France et les plus gros festivals, dont le Hellfest (plusieurs fois).<\/p>\n<p>Son dernier album, Tenace, marque bien la long\u00e9vit\u00e9 du groupe, <a href=\"https:\/\/www.estrepublicain.fr\/culture-loisirs\/2025\/05\/07\/yann-heurtaux-de-mass-hysteria-nancy-c-est-toujours-un-super-accueil\" target=\"_blank\" rel=\"nofollow noopener\">comme nous l&rsquo;expliquait Yann Heurtaux, d\u00e9but mai\u00a0:<\/a> \u00ab\u00a0La t\u00e9nacit\u00e9, c\u2019est le mot [qui d\u00e9crit notre parcours]. On a tous eu des doutes, surtout Mouss parfois. Mais d\u00e8s qu\u2019on repart en tourn\u00e9e, tout revient. Le live, c\u2019est la cl\u00e9.\u00a0\u00bb<\/p>\n<p>Les 100 minutes de show de Slipknot viendront mettre le dernier clou de cette deuxi\u00e8me \u00e9dition du Heavy Week-End. Le groupe, originaire de Des Moines, dans l&rsquo;Iowa, est reparti en tourn\u00e9e apr\u00e8s avoir fait une tourn\u00e9e mondiale qui a fait la part belle \u00e0 son premi\u00e8re album, pour en c\u00e9l\u00e9brer les 25 ans.<\/p>\n<p>Les neuf membres masqu\u00e9s du groupe feront \u00e0 Nancy l&rsquo;une de leurs deux seules dates fran\u00e7aises, l&rsquo;autre se d\u00e9roulera \u00e0 Lyon, \u00e0 la fin du mois. Ils \u00e9taient d\u00e9j\u00e0 venus en Lorraine en 2011, <a href=\"https:\/\/www.estrepublicain.fr\/actualite\/2011\/07\/09\/stalheim-de-l-acier-au-metal\" target=\"_blank\" rel=\"nofollow noopener\">\u00e0 l&rsquo;occasion du Sonisphere Festival, qui s&rsquo;\u00e9tait d\u00e9roul\u00e9 \u00e0 Amn\u00e9ville.<\/a><\/p>\n<p class=\"componentDescription\">The Devil in I, de Slipknot, qui devrait tomber dans la setlist de ce dimanche soir<\/p>\n<p>                                            <img class=\"placeholder-svg\" loading=\"lazy\" decoding=\"async\" src=\"https:\/\/www.europesays.com\/fr\/wp-content\/uploads\/2025\/05\/youtube.svg.svg+xml\" alt=\"Youtube PlaceHolder\"\/>               <\/p>\n<p>Ce contenu est bloqu\u00e9 car vous n&rsquo;avez pas accept\u00e9 les cookies et autres traceurs.<\/p>\n<p>En cliquant sur \u00ab J\u2019accepte \u00bb, les cookies et autres traceurs seront d\u00e9pos\u00e9s et vous pourrez visualiser les contenus  (<a href=\"\" class=\"consentModule_policy\" target=\"_blank\" title=\"Consulter la politique de protection des donn\u00e9es du fournisseur\">plus d&rsquo;informations<\/a>).<\/p>\n<p>En cliquant sur \u00ab J\u2019accepte tous les cookies \u00bb, vous autorisez des d\u00e9p\u00f4ts de cookies et autres traceurs pour le stockage de vos donn\u00e9es sur nos sites et applications \u00e0 des fins de personnalisation et de ciblage publicitaire.<\/p>\n<p class=\"consentModule_secondaryText\">Vous gardez la possibilit\u00e9 de retirer votre consentement \u00e0 tout moment en consultant notre <a href=\"https:\/\/www.estrepublicain.fr\/protection-des-donnees\" target=\"_blank\" title=\"Consulter notre politique de protection des donn\u00e9es\" rel=\"nofollow noopener\">politique de protection des donn\u00e9es<\/a>. <br \/>&#13;<br \/>\n            <a href=\"https:\/\/www.estrepublicain.fr\/culture-loisirs\/2025\/06\/06\/javascript:Didomi.notice.show()\" class=\"consentModule_cmp\" rel=\"nofollow noopener\" target=\"_blank\">G\u00e9rer mes choix<\/a>&#13;\n        <\/p>\n<p>&#13;<br \/>\n                        J&rsquo;accepte&#13;<br \/>\n            J&rsquo;accepte tous les cookies&#13;\n        <\/p>\n","protected":false},"excerpt":{"rendered":"Ce week-end, le Z\u00e9nith du Grand Nancy se transforme en temple du metal\u00a0! D\u00e8s 17h30 ce vendredi, blast&hellip;\n","protected":false},"author":2,"featured_media":157693,"comment_status":"","ping_status":"","sticky":false,"template":"","format":"standard","meta":{"footnotes":""},"categories":[9635],"tags":[1111,11,3602,1707,1704,1706,1705,10174,1777,674,1011,27,775,3457,873,1702,12,3456,25],"class_list":{"0":"post-157692","1":"post","2":"type-post","3":"status-publish","4":"format-standard","5":"has-post-thumbnail","7":"category-nancy","8":"tag-actu","9":"tag-actualites","10":"tag-edition-bar-le-duc","11":"tag-edition-luneville","12":"tag-edition-nancy-et-agglomeration","13":"tag-edition-pont-a-mousson","14":"tag-edition-toul","15":"tag-edition-verdun","16":"tag-eu","17":"tag-europe","18":"tag-fr","19":"tag-france","20":"tag-grand-est","21":"tag-meurthe-et-moselle","22":"tag-musique","23":"tag-nancy","24":"tag-news","25":"tag-region-lorraine","26":"tag-republique-francaise"},"share_on_mastodon":{"url":"https:\/\/pubeurope.com\/@fr\/114639038350412612","error":""},"_links":{"self":[{"href":"https:\/\/www.europesays.com\/fr\/wp-json\/wp\/v2\/posts\/157692","targetHints":{"allow":["GET"]}}],"collection":[{"href":"https:\/\/www.europesays.com\/fr\/wp-json\/wp\/v2\/posts"}],"about":[{"href":"https:\/\/www.europesays.com\/fr\/wp-json\/wp\/v2\/types\/post"}],"author":[{"embeddable":true,"href":"https:\/\/www.europesays.com\/fr\/wp-json\/wp\/v2\/users\/2"}],"replies":[{"embeddable":true,"href":"https:\/\/www.europesays.com\/fr\/wp-json\/wp\/v2\/comments?post=157692"}],"version-history":[{"count":0,"href":"https:\/\/www.europesays.com\/fr\/wp-json\/wp\/v2\/posts\/157692\/revisions"}],"wp:featuredmedia":[{"embeddable":true,"href":"https:\/\/www.europesays.com\/fr\/wp-json\/wp\/v2\/media\/157693"}],"wp:attachment":[{"href":"https:\/\/www.europesays.com\/fr\/wp-json\/wp\/v2\/media?parent=157692"}],"wp:term":[{"taxonomy":"category","embeddable":true,"href":"https:\/\/www.europesays.com\/fr\/wp-json\/wp\/v2\/categories?post=157692"},{"taxonomy":"post_tag","embeddable":true,"href":"https:\/\/www.europesays.com\/fr\/wp-json\/wp\/v2\/tags?post=157692"}],"curies":[{"name":"wp","href":"https:\/\/api.w.org\/{rel}","templated":true}]}}