{"id":157706,"date":"2025-06-06T23:44:09","date_gmt":"2025-06-06T23:44:09","guid":{"rendered":"https:\/\/www.europesays.com\/fr\/157706\/"},"modified":"2025-06-06T23:44:09","modified_gmt":"2025-06-06T23:44:09","slug":"previsions-du-samedi-7-juin-2025","status":"publish","type":"post","link":"https:\/\/www.europesays.com\/fr\/157706\/","title":{"rendered":"pr\u00e9visions du samedi 7 juin 2025"},"content":{"rendered":"<p>Encore de la grisaille aujourd&rsquo;hui. Les nuages vont s&rsquo;attarder sur Rennes. Les valeurs seront de 16\u00b0C. Un vent de sud-ouest est attendu : il soufflera \u00e0 24 km\/h. Des averses tomberont le matin. Les temp\u00e9ratures avoisineront les 15\u00b0C. Des pluies \u00e9parses vont tomber tout au long de l&rsquo;apr\u00e8s-midi. En revanche, les temp\u00e9ratures vont conna\u00eetre une augmentation de quelques degr\u00e9s. Les valeurs seront de 18\u00b0C au plus bas et de 20\u00b0C au maximum. Des pluies \u00e9parses tomberont dans la soir\u00e9e. Un ciel pluvieux est \u00e0 pr\u00e9voir dans la nuit reliant samedi et dimanche.<\/p>\n<p>Demain, le mercure va chuter de quelques degr\u00e9s \u00e0 Rennes. Les valeurs afficheront entre 8 et 20\u00b0C. Un petit vent de nord-ouest sera ressenti par les habitants. Le ciel sera couvert dans la matin\u00e9e. Des pluies \u00e9parses sont pr\u00e9vues. Le temps va peu \u00e0 peu s&rsquo;am\u00e9liorer dans l&rsquo;apr\u00e8s-midi et laisser place \u00e0 des \u00e9claircies. La m\u00e9t\u00e9o va se r\u00e9chauffer avec une hausse de plusieurs degr\u00e9s. Les maximales pourront atteindre 20\u00b0C et les minimales seront de 19\u00b0C.<\/p>\n<p>Peu d&rsquo;\u00e9volutions au fil des jours. Le temps sera ensoleill\u00e9 avec des temp\u00e9ratures autour de 16\u00b0C.<\/p>\n<p>Parce qu&rsquo;aujourd&rsquo;hui nous f\u00eatons la f\u00eate des m\u00e8res, souhaitons une bonne f\u00eate \u00e0 toutes mamans !<\/p>\n","protected":false},"excerpt":{"rendered":"Encore de la grisaille aujourd&rsquo;hui. Les nuages vont s&rsquo;attarder sur Rennes. Les valeurs seront de 16\u00b0C. Un vent&hellip;\n","protected":false},"author":2,"featured_media":157707,"comment_status":"","ping_status":"","sticky":false,"template":"","format":"standard","meta":{"footnotes":""},"categories":[2821],"tags":[1111,11,829,1777,674,1011,27,848,12,2119,584,25],"class_list":{"0":"post-157706","1":"post","2":"type-post","3":"status-publish","4":"format-standard","5":"has-post-thumbnail","7":"category-rennes","8":"tag-actu","9":"tag-actualites","10":"tag-bretagne","11":"tag-eu","12":"tag-europe","13":"tag-fr","14":"tag-france","15":"tag-ille-et-vilaine","16":"tag-news","17":"tag-previsions-meteo","18":"tag-rennes","19":"tag-republique-francaise"},"share_on_mastodon":{"url":"https:\/\/pubeurope.com\/@fr\/114639081630004333","error":""},"_links":{"self":[{"href":"https:\/\/www.europesays.com\/fr\/wp-json\/wp\/v2\/posts\/157706","targetHints":{"allow":["GET"]}}],"collection":[{"href":"https:\/\/www.europesays.com\/fr\/wp-json\/wp\/v2\/posts"}],"about":[{"href":"https:\/\/www.europesays.com\/fr\/wp-json\/wp\/v2\/types\/post"}],"author":[{"embeddable":true,"href":"https:\/\/www.europesays.com\/fr\/wp-json\/wp\/v2\/users\/2"}],"replies":[{"embeddable":true,"href":"https:\/\/www.europesays.com\/fr\/wp-json\/wp\/v2\/comments?post=157706"}],"version-history":[{"count":0,"href":"https:\/\/www.europesays.com\/fr\/wp-json\/wp\/v2\/posts\/157706\/revisions"}],"wp:featuredmedia":[{"embeddable":true,"href":"https:\/\/www.europesays.com\/fr\/wp-json\/wp\/v2\/media\/157707"}],"wp:attachment":[{"href":"https:\/\/www.europesays.com\/fr\/wp-json\/wp\/v2\/media?parent=157706"}],"wp:term":[{"taxonomy":"category","embeddable":true,"href":"https:\/\/www.europesays.com\/fr\/wp-json\/wp\/v2\/categories?post=157706"},{"taxonomy":"post_tag","embeddable":true,"href":"https:\/\/www.europesays.com\/fr\/wp-json\/wp\/v2\/tags?post=157706"}],"curies":[{"name":"wp","href":"https:\/\/api.w.org\/{rel}","templated":true}]}}