{"id":15771,"date":"2025-04-10T20:05:17","date_gmt":"2025-04-10T20:05:17","guid":{"rendered":"https:\/\/www.europesays.com\/fr\/15771\/"},"modified":"2025-04-10T20:05:17","modified_gmt":"2025-04-10T20:05:17","slug":"ca-ne-marchait-pas-il-fallait-arreter-benjamin-castaldi-assume-lechec-de-sa-matinale-sur-europe-2","status":"publish","type":"post","link":"https:\/\/www.europesays.com\/fr\/15771\/","title":{"rendered":"\u00ab\u00a0\u00c7a ne marchait pas, il fallait arr\u00eater\u00a0\u00bb\u00a0: Benjamin Castaldi assume l\u2019\u00e9chec de sa matinale sur Europe\u00a02"},"content":{"rendered":"<p class=\"paragraph text_align_left\">\u00c0 l\u2019issue d\u2019une derni\u00e8re \u00e9mission ce vendredi 11 avril de 7 heures \u00e0 10 heures sur Europe 2, l\u2019animateur de 55 ans laissera les commandes de la matinale de la station, \u00ab Casta r\u00e9veille la France \u00bb, <a href=\"https:\/\/www.leparisien.fr\/culture-loisirs\/tv\/benjamin-castaldi-sur-europe-2-patrick-cohen-sur-france-inter-ils-etaient-comment-les-nouveaux-a-la-radio-26-08-2024-7REKSQHZXNEJHJAODWIWUNUIVM.php\" target=\"_blank\" rel=\"nofollow noopener\">qu\u2019il pilotait depuis le 26 ao\u00fbt 2024<\/a>. Un rendez-vous qui n\u2019avait pas trouv\u00e9 son public, avec seulement 96 000 habitu\u00e9s en novembre-d\u00e9cembre 2024, selon M\u00e9diam\u00e9trie, au moment o\u00f9 la station atteignait le plus bas niveau de son histoire avec seulement 897 000 auditeurs quotidiens. Il se confie sur cet arr\u00eat pr\u00e9matur\u00e9.<\/p>\n","protected":false},"excerpt":{"rendered":"\u00c0 l\u2019issue d\u2019une derni\u00e8re \u00e9mission ce vendredi 11 avril de 7 heures \u00e0 10 heures sur Europe 2,&hellip;\n","protected":false},"author":2,"featured_media":15772,"comment_status":"","ping_status":"","sticky":false,"template":"","format":"standard","meta":{"footnotes":""},"categories":[1586],"tags":[11,872,1777,674,1011,27,12,25,2205],"class_list":{"0":"post-15771","1":"post","2":"type-post","3":"status-publish","4":"format-standard","5":"has-post-thumbnail","7":"category-europe","8":"tag-actualites","9":"tag-culture-et-loisirs","10":"tag-eu","11":"tag-europe","12":"tag-fr","13":"tag-france","14":"tag-news","15":"tag-republique-francaise","16":"tag-television-medias"},"share_on_mastodon":{"url":"https:\/\/pubeurope.com\/@fr\/114315468696688541","error":""},"_links":{"self":[{"href":"https:\/\/www.europesays.com\/fr\/wp-json\/wp\/v2\/posts\/15771","targetHints":{"allow":["GET"]}}],"collection":[{"href":"https:\/\/www.europesays.com\/fr\/wp-json\/wp\/v2\/posts"}],"about":[{"href":"https:\/\/www.europesays.com\/fr\/wp-json\/wp\/v2\/types\/post"}],"author":[{"embeddable":true,"href":"https:\/\/www.europesays.com\/fr\/wp-json\/wp\/v2\/users\/2"}],"replies":[{"embeddable":true,"href":"https:\/\/www.europesays.com\/fr\/wp-json\/wp\/v2\/comments?post=15771"}],"version-history":[{"count":0,"href":"https:\/\/www.europesays.com\/fr\/wp-json\/wp\/v2\/posts\/15771\/revisions"}],"wp:featuredmedia":[{"embeddable":true,"href":"https:\/\/www.europesays.com\/fr\/wp-json\/wp\/v2\/media\/15772"}],"wp:attachment":[{"href":"https:\/\/www.europesays.com\/fr\/wp-json\/wp\/v2\/media?parent=15771"}],"wp:term":[{"taxonomy":"category","embeddable":true,"href":"https:\/\/www.europesays.com\/fr\/wp-json\/wp\/v2\/categories?post=15771"},{"taxonomy":"post_tag","embeddable":true,"href":"https:\/\/www.europesays.com\/fr\/wp-json\/wp\/v2\/tags?post=15771"}],"curies":[{"name":"wp","href":"https:\/\/api.w.org\/{rel}","templated":true}]}}