{"id":157713,"date":"2025-06-06T23:48:09","date_gmt":"2025-06-06T23:48:09","guid":{"rendered":"https:\/\/www.europesays.com\/fr\/157713\/"},"modified":"2025-06-06T23:48:09","modified_gmt":"2025-06-06T23:48:09","slug":"previsions-du-samedi-7-juin-2025-2","status":"publish","type":"post","link":"https:\/\/www.europesays.com\/fr\/157713\/","title":{"rendered":"pr\u00e9visions du samedi 7 juin 2025"},"content":{"rendered":"<p>Le soleil sera au rendez-vous \u00e0 Nice : une magnifique journ\u00e9e se pr\u00e9sente ! Les valeurs s&rsquo;\u00e9chelonneront de 18 \u00e0 24\u00b0C. Il va faire en moyenne 22\u00b0C, le matin. Une brise de sud-est soufflera doucement. Les temp\u00e9ratures afficheront entre 22 et 24\u00b0C durant l&rsquo;apr\u00e8s-midi. Les valeurs s&rsquo;\u00e9chelonneront entre 20 et 21\u00b0C le soir. Un ciel limpide est pr\u00e9vu dans la nuit reliant samedi et dimanche.<\/p>\n<p>Demain, un grand soleil brillera sur Nice. Les temp\u00e9ratures seront comprises entre 18 et 23\u00b0C. Un l\u00e9ger vent de sud-est sera ressenti par les habitants. Les valeurs afficheront entre 20\u00b0C et 22\u00b0C dans la matin\u00e9e. Les maximales pourront atteindre 23\u00b0C dans l&rsquo;apr\u00e8s-midi et les minimales seront de 22\u00b0C. Demain soir, le thermom\u00e8tre affichera 20\u00b0C en moyenne.<\/p>\n<p>La m\u00e9t\u00e9o restera inchang\u00e9e les prochains jours. Des temp\u00e9ratures dans les 22\u00b0C iront de pair avec un ciel ensoleill\u00e9.<\/p>\n<p>Aujourd&rsquo;hui, les mamans se trouvent \u00e0 l&rsquo;honneur pour la f\u00eate des m\u00e8res. Souhaitons-leurs une agr\u00e9able f\u00eate !<\/p>\n","protected":false},"excerpt":{"rendered":"Le soleil sera au rendez-vous \u00e0 Nice : une magnifique journ\u00e9e se pr\u00e9sente ! Les valeurs s&rsquo;\u00e9chelonneront de&hellip;\n","protected":false},"author":2,"featured_media":157714,"comment_status":"","ping_status":"","sticky":false,"template":"","format":"standard","meta":{"footnotes":""},"categories":[2819],"tags":[1111,11,2898,1777,674,1011,27,12,2401,883,2119,882,25],"class_list":{"0":"post-157713","1":"post","2":"type-post","3":"status-publish","4":"format-standard","5":"has-post-thumbnail","7":"category-nice","8":"tag-actu","9":"tag-actualites","10":"tag-alpes-maritimes","11":"tag-eu","12":"tag-europe","13":"tag-fr","14":"tag-france","15":"tag-news","16":"tag-nice","17":"tag-paca","18":"tag-previsions-meteo","19":"tag-provence-alpes-cote-dazur","20":"tag-republique-francaise"},"share_on_mastodon":{"url":"https:\/\/pubeurope.com\/@fr\/114639097271195969","error":""},"_links":{"self":[{"href":"https:\/\/www.europesays.com\/fr\/wp-json\/wp\/v2\/posts\/157713","targetHints":{"allow":["GET"]}}],"collection":[{"href":"https:\/\/www.europesays.com\/fr\/wp-json\/wp\/v2\/posts"}],"about":[{"href":"https:\/\/www.europesays.com\/fr\/wp-json\/wp\/v2\/types\/post"}],"author":[{"embeddable":true,"href":"https:\/\/www.europesays.com\/fr\/wp-json\/wp\/v2\/users\/2"}],"replies":[{"embeddable":true,"href":"https:\/\/www.europesays.com\/fr\/wp-json\/wp\/v2\/comments?post=157713"}],"version-history":[{"count":0,"href":"https:\/\/www.europesays.com\/fr\/wp-json\/wp\/v2\/posts\/157713\/revisions"}],"wp:featuredmedia":[{"embeddable":true,"href":"https:\/\/www.europesays.com\/fr\/wp-json\/wp\/v2\/media\/157714"}],"wp:attachment":[{"href":"https:\/\/www.europesays.com\/fr\/wp-json\/wp\/v2\/media?parent=157713"}],"wp:term":[{"taxonomy":"category","embeddable":true,"href":"https:\/\/www.europesays.com\/fr\/wp-json\/wp\/v2\/categories?post=157713"},{"taxonomy":"post_tag","embeddable":true,"href":"https:\/\/www.europesays.com\/fr\/wp-json\/wp\/v2\/tags?post=157713"}],"curies":[{"name":"wp","href":"https:\/\/api.w.org\/{rel}","templated":true}]}}