{"id":157715,"date":"2025-06-06T23:49:11","date_gmt":"2025-06-06T23:49:11","guid":{"rendered":"https:\/\/www.europesays.com\/fr\/157715\/"},"modified":"2025-06-06T23:49:11","modified_gmt":"2025-06-06T23:49:11","slug":"la-promenade-des-anglais-illuminee-par-le-plus-grand-spectacle-de-drones-europeen","status":"publish","type":"post","link":"https:\/\/www.europesays.com\/fr\/157715\/","title":{"rendered":"la Promenade des Anglais illumin\u00e9e par le plus grand spectacle de drones europ\u00e9en"},"content":{"rendered":"<p><strong>VID\u00c9O &#8211; <\/strong>Lors d\u2019un remarquable ballet a\u00e9rien, 2025 drones synchronis\u00e9s ont illumin\u00e9 la Promenade des Anglais \u00e0 Nice, en marge du Sommet de l\u2019Oc\u00e9an organis\u00e9 par les Nations Unies<\/p>\n<p class=\"fig-paragraph\">\u00c0 l\u2019occasion de la<a href=\"http:\/\/www.lefigaro.fr\/sciences\/a-nice-un-preambule-scientifique-avant-la-grande-conference-des-nations-unies-sur-l-ocean-20250602\" target=\"_blank\" data-fig-type=\"Article\" rel=\"noopener\" data-gtm-custom-categorie=\"navigation\" data-gtm-custom-action=\"crossclick\" data-gtm-custom-label=\"Contextuel\" data-gtm-event=\"customEventSPE\" data-fig-domain=\"LEFIGARO\">\u00a0Conf\u00e9rence des Nations Unies<\/a>\u00a0sur les oc\u00e9ans (UNOC 2025), organis\u00e9e du 9 au 13 juin, la municipalit\u00e9 de\u00a0<a href=\"http:\/\/www.lefigaro.fr\/vox\/economie\/sommet-mondial-sur-les-oceans-a-nice-la-france-doit-reconcilier-peche-et-ecologie-20250606\" target=\"_blank\" data-fig-type=\"Article\" rel=\"noopener\" data-gtm-custom-categorie=\"navigation\" data-gtm-custom-action=\"crossclick\" data-gtm-custom-label=\"Contextuel\" data-gtm-event=\"customEventSPE\" data-fig-domain=\"LEFIGARO\">Nice<\/a>\u00a0a opt\u00e9 pour un spectacle de grande ampleur. Ce vendredi 6 juin, pas moins de 2025 drones ont \u00e9t\u00e9 align\u00e9s dans le ciel ni\u00e7ois, au-dessus de la Promenade des Anglais, pour le plaisir des quelque 50.000 spectateurs. Selon la mairie, il s\u2019agit d\u2019un record jamais atteint en Europe de drones synchronis\u00e9s.<\/p>\n<p class=\"fig-paragraph\">Pendant plus de quinze minutes, le public r\u00e9uni sur le Quai des \u00c9tats-Unis a pu admirer plusieurs sc\u00e8nes anim\u00e9es\u00a0: des dauphins sautant au-dessus de bateaux color\u00e9s, ainsi que des tortues et des raies manta dans le ciel \u00e9toil\u00e9 de Nice.<\/p>\n<p class=\"fig-paragraph\">Aux manettes de ce show a\u00e9rien, l\u2019entreprise bordelaise Dronisos, sp\u00e9cialiste des appareils t\u00e9l\u00e9command\u00e9s et prestataire de spectacles de drones. En Juillet 2024, la soci\u00e9t\u00e9 avait d\u00e9j\u00e0 illumin\u00e9 le ciel ni\u00e7ois, en d\u00e9ployant un aigle g\u00e9ant, embl\u00e8me de la ville, toujours gr\u00e2ce \u00e0 des drones.<\/p>\n<p class=\"fig-paragraph\">Cette ann\u00e9e, le ballet lumineux, ponctu\u00e9 de chor\u00e9graphies en 3D, a mis \u00e0 l\u2019honneur l\u2019oc\u00e9an et sa biodiversit\u00e9, ainsi que les enjeux li\u00e9s \u00e0 la protection de la faune et la flore marine. Selon la mairie de Nice, une bande-son a \u00e9t\u00e9 sp\u00e9cialement con\u00e7ue pour l\u2019occasion.<\/p>\n<p class=\"fig-paragraph\">La<a href=\"http:\/\/www.lefigaro.fr\/sciences\/la-surface-des-oceans-ultime-frontiere-d-un-monde-ou-se-joue-l-avenir-de-l-humanite-20250606\" target=\"_blank\" data-fig-type=\"Article\" rel=\"noopener\" data-gtm-custom-categorie=\"navigation\" data-gtm-custom-action=\"crossclick\" data-gtm-custom-label=\"Contextuel\" data-gtm-event=\"customEventSPE\" data-fig-domain=\"LEFIGARO\">\u00a0troisi\u00e8me Conf\u00e9rence des Nations Unies sur l\u2019Oc\u00e9an<\/a>\u00a0r\u00e9unit la communaut\u00e9 internationale autour des enjeux de protection des oc\u00e9ans. Au programme, la pr\u00e9servation des territoires marins, la p\u00eache responsable ou encore l\u2019acc\u00e9l\u00e9ration du d\u00e9veloppement durable.<\/p>\n","protected":false},"excerpt":{"rendered":"VID\u00c9O &#8211; Lors d\u2019un remarquable ballet a\u00e9rien, 2025 drones synchronis\u00e9s ont illumin\u00e9 la Promenade des Anglais \u00e0 Nice,&hellip;\n","protected":false},"author":2,"featured_media":157716,"comment_status":"","ping_status":"","sticky":false,"template":"","format":"standard","meta":{"footnotes":""},"categories":[2819],"tags":[1111,47,11,1109,251,1112,1777,674,118,1108,107,1106,1107,1011,27,1110,1114,14,12,2401,1113,316,882,25],"class_list":{"0":"post-157715","1":"post","2":"type-post","3":"status-publish","4":"format-standard","5":"has-post-thumbnail","7":"category-nice","8":"tag-actu","9":"tag-actualite","10":"tag-actualites","11":"tag-breves","12":"tag-culture","13":"tag-depeches","14":"tag-eu","15":"tag-europe","16":"tag-faits-divers","17":"tag-fil","18":"tag-fil-info","19":"tag-flash","20":"tag-flash-actu","21":"tag-fr","22":"tag-france","23":"tag-informations","24":"tag-infos","25":"tag-international","26":"tag-news","27":"tag-nice","28":"tag-nouvelles","29":"tag-politique","30":"tag-provence-alpes-cote-dazur","31":"tag-republique-francaise"},"share_on_mastodon":{"url":"https:\/\/pubeurope.com\/@fr\/114639101174995489","error":""},"_links":{"self":[{"href":"https:\/\/www.europesays.com\/fr\/wp-json\/wp\/v2\/posts\/157715","targetHints":{"allow":["GET"]}}],"collection":[{"href":"https:\/\/www.europesays.com\/fr\/wp-json\/wp\/v2\/posts"}],"about":[{"href":"https:\/\/www.europesays.com\/fr\/wp-json\/wp\/v2\/types\/post"}],"author":[{"embeddable":true,"href":"https:\/\/www.europesays.com\/fr\/wp-json\/wp\/v2\/users\/2"}],"replies":[{"embeddable":true,"href":"https:\/\/www.europesays.com\/fr\/wp-json\/wp\/v2\/comments?post=157715"}],"version-history":[{"count":0,"href":"https:\/\/www.europesays.com\/fr\/wp-json\/wp\/v2\/posts\/157715\/revisions"}],"wp:featuredmedia":[{"embeddable":true,"href":"https:\/\/www.europesays.com\/fr\/wp-json\/wp\/v2\/media\/157716"}],"wp:attachment":[{"href":"https:\/\/www.europesays.com\/fr\/wp-json\/wp\/v2\/media?parent=157715"}],"wp:term":[{"taxonomy":"category","embeddable":true,"href":"https:\/\/www.europesays.com\/fr\/wp-json\/wp\/v2\/categories?post=157715"},{"taxonomy":"post_tag","embeddable":true,"href":"https:\/\/www.europesays.com\/fr\/wp-json\/wp\/v2\/tags?post=157715"}],"curies":[{"name":"wp","href":"https:\/\/api.w.org\/{rel}","templated":true}]}}