{"id":157717,"date":"2025-06-06T23:50:09","date_gmt":"2025-06-06T23:50:09","guid":{"rendered":"https:\/\/www.europesays.com\/fr\/157717\/"},"modified":"2025-06-06T23:50:09","modified_gmt":"2025-06-06T23:50:09","slug":"previsions-du-samedi-7-juin-2025-3","status":"publish","type":"post","link":"https:\/\/www.europesays.com\/fr\/157717\/","title":{"rendered":"pr\u00e9visions du samedi 7 juin 2025"},"content":{"rendered":"<p>Nantes, o\u00f9 des nuages persisteront aujourd&rsquo;hui, continuera d&rsquo;attendre le soleil. Des pluies \u00e9parses sont pr\u00e9vues. Les temp\u00e9ratures seront de 17\u00b0C. Un vent de sud-ouest est attendu : il soufflera \u00e0 25 km\/h. La grisaille ne se dissipe toujours pas, il va y avoir encore des nuages l&rsquo;apr\u00e8s-midi. Les temp\u00e9ratures s&rsquo;\u00e9chelonneront entre 17 et 20\u00b0C. On notera la pr\u00e9sence persistante de nuages le soir. Des pluies \u00e9parses vont tomber sur la ville. On pr\u00e9voit des valeurs d&rsquo;environ 16\u00b0C. Une nuit pluvieuse vous attendra entre samedi et dimanche.<\/p>\n<p>Demain, les Nantais vont pouvoir b\u00e9n\u00e9ficier d&rsquo;un soleil radieux. Une chute des temp\u00e9ratures est attendue. Les valeurs afficheront entre 9 et 22\u00b0C. Un modeste vent de nord-ouest sera ressenti par les habitants. L&rsquo;air ambiant va se r\u00e9chauffer demain apr\u00e8s-midi avec une hausse de plusieurs degr\u00e9s. Les valeurs seront comprises entre 20\u00b0C et 22\u00b0C. Il va faire 16\u00b0C en moyenne demain soir.<\/p>\n<p>Pour les prochains jours, la m\u00e9t\u00e9o ne bougera pas. Une m\u00e9t\u00e9o ensoleill\u00e9e, pour des temp\u00e9ratures de 18\u00b0C environ, est pr\u00e9vue.<\/p>\n<p>Aujourd&rsquo;hui, les mamans sont \u00e0 l&rsquo;honneur pour la f\u00eate des m\u00e8res. Souhaitons-leurs une agr\u00e9able f\u00eate !<\/p>\n","protected":false},"excerpt":{"rendered":"Nantes, o\u00f9 des nuages persisteront aujourd&rsquo;hui, continuera d&rsquo;attendre le soleil. Des pluies \u00e9parses sont pr\u00e9vues. Les temp\u00e9ratures seront&hellip;\n","protected":false},"author":2,"featured_media":157718,"comment_status":"","ping_status":"","sticky":false,"template":"","format":"standard","meta":{"footnotes":""},"categories":[2818],"tags":[1111,11,1777,674,1011,27,3047,766,12,2636,2119,25],"class_list":{"0":"post-157717","1":"post","2":"type-post","3":"status-publish","4":"format-standard","5":"has-post-thumbnail","7":"category-nantes","8":"tag-actu","9":"tag-actualites","10":"tag-eu","11":"tag-europe","12":"tag-fr","13":"tag-france","14":"tag-loire-atlantique","15":"tag-nantes","16":"tag-news","17":"tag-pays-de-la-loire","18":"tag-previsions-meteo","19":"tag-republique-francaise"},"share_on_mastodon":{"url":"https:\/\/pubeurope.com\/@fr\/114639105154017590","error":""},"_links":{"self":[{"href":"https:\/\/www.europesays.com\/fr\/wp-json\/wp\/v2\/posts\/157717","targetHints":{"allow":["GET"]}}],"collection":[{"href":"https:\/\/www.europesays.com\/fr\/wp-json\/wp\/v2\/posts"}],"about":[{"href":"https:\/\/www.europesays.com\/fr\/wp-json\/wp\/v2\/types\/post"}],"author":[{"embeddable":true,"href":"https:\/\/www.europesays.com\/fr\/wp-json\/wp\/v2\/users\/2"}],"replies":[{"embeddable":true,"href":"https:\/\/www.europesays.com\/fr\/wp-json\/wp\/v2\/comments?post=157717"}],"version-history":[{"count":0,"href":"https:\/\/www.europesays.com\/fr\/wp-json\/wp\/v2\/posts\/157717\/revisions"}],"wp:featuredmedia":[{"embeddable":true,"href":"https:\/\/www.europesays.com\/fr\/wp-json\/wp\/v2\/media\/157718"}],"wp:attachment":[{"href":"https:\/\/www.europesays.com\/fr\/wp-json\/wp\/v2\/media?parent=157717"}],"wp:term":[{"taxonomy":"category","embeddable":true,"href":"https:\/\/www.europesays.com\/fr\/wp-json\/wp\/v2\/categories?post=157717"},{"taxonomy":"post_tag","embeddable":true,"href":"https:\/\/www.europesays.com\/fr\/wp-json\/wp\/v2\/tags?post=157717"}],"curies":[{"name":"wp","href":"https:\/\/api.w.org\/{rel}","templated":true}]}}