{"id":157723,"date":"2025-06-06T23:53:13","date_gmt":"2025-06-06T23:53:13","guid":{"rendered":"https:\/\/www.europesays.com\/fr\/157723\/"},"modified":"2025-06-06T23:53:13","modified_gmt":"2025-06-06T23:53:13","slug":"pourquoi-ce-chauffeur-de-bus-risque-le-licenciement-apres-avoir-ete-lynche-par-un-passager","status":"publish","type":"post","link":"https:\/\/www.europesays.com\/fr\/157723\/","title":{"rendered":"pourquoi ce chauffeur de bus risque le licenciement apr\u00e8s avoir \u00e9t\u00e9 lynch\u00e9 par un passager"},"content":{"rendered":"<p>            Par<br \/>\n        <strong><br \/>\n            <a href=\"https:\/\/actu.fr\/auteur\/sports33\" title=\"Consulter tous les articles de Nicolas Gosselin\" rel=\"nofollow noopener\" target=\"_blank\">Nicolas Gosselin<\/a><br \/>\n        <\/strong><\/p>\n<p>        Publi\u00e9 le<\/p>\n<p>            6 juin 2025 \u00e0 18h24        <\/p>\n<p>\u00ab\u00a0Je le vis comme une deuxi\u00e8me agression, j\u2019ai l\u2019impression d\u2019avoir \u00e9t\u00e9 l\u00e2ch\u00e9 par la direction\u00a0\u00bb, confie <strong>Jean-Christophe Colombo<\/strong> \u00e0 actu Bordeaux. Le 28 mai 2025, trois semaines apr\u00e8s avoir <a href=\"https:\/\/actu.fr\/nouvelle-aquitaine\/villenave-d-ornon_33550\/bordeaux-metropole-sur-le-reseau-tbm-un-conducteur-de-bus-se-fait-lyncher-pour-un-motif-completement-futile_62619832.html\" rel=\"nofollow noopener\" target=\"_blank\">\u00e9t\u00e9 tabass\u00e9 par un passager<\/a>, le chauffeur de bus a re\u00e7u une convocation \u00e0 un entretien pr\u00e9alable \u00e0 une <strong>sanction disciplinaire<\/strong>, pouvant aller <strong>jusqu\u2019au licenciement<\/strong>.<\/p>\n<p class=\" wall-content\">Comment est-ce possible ? La direction de <a href=\"https:\/\/actu.fr\/tag\/keolis\" rel=\"nofollow noopener\" target=\"_blank\">Keolis Bordeaux M\u00e9tropole Mobilit\u00e9s<\/a>, qui est l\u2019exploitant du <a href=\"https:\/\/actu.fr\/tag\/tbm\" rel=\"nofollow noopener\" target=\"_blank\">r\u00e9seau TBM<\/a>, estime que son employ\u00e9 est <strong>fautif d\u2019avoir d\u00e9sert\u00e9 son poste de conduite<\/strong> pour demander \u00e0 un usager, qui l\u2019avait copieusement injuri\u00e9, de quitter son bus.<\/p>\n<p>Un d\u00e9cha\u00eenement de violence<\/p>\n<p class=\" wall-content\">On \u00e9tait le 7 mai, au niveau de l\u2019arr\u00eat Vaclav Havel \u00e0 <a href=\"https:\/\/actu.fr\/nouvelle-aquitaine\/villenave-d-ornon_33550\" rel=\"nofollow noopener\" target=\"_blank\">Villenave d\u2019Ornon<\/a>. Le chauffeur a vu rentrer dans son v\u00e9hicule <strong>un jeune homme f\u00e2ch\u00e9 avec la politesse<\/strong>. Le conducteur l\u2019a interpell\u00e9 pour rappeler les bonnes mani\u00e8res \u00e0 cet usager et pour avoir r\u00e9clam\u00e9 un \u00ab\u00a0bonjour\u00a0\u00bb, il a re\u00e7u<strong> une pluie de coups d\u2019une violence inou\u00efe<\/strong>.\u00a0<\/p>\n<p class=\" wall-content\">En arr\u00eat de travail et psychologiquement marqu\u00e9 par cet \u00e9pisode, Jean-Christophe Colombo sortait de la clinique apr\u00e8s une op\u00e9ration \u00e0 l\u2019\u00e9paule quand il a appris sa convocation. Un timing qu\u2019il a du mal \u00e0 avaler.<\/p>\n<p>Il compte se battre au niveau national<\/p>\n<p class=\" wall-content\">\u00ab\u00a0Je suis<strong> au fond du trou<\/strong> et il faut que j\u2019aille rendre des comptes. Ceux qui devraient me soutenir et m\u2019accompagner veulent me sanctionner. C\u2019est <strong>compl\u00e8tement d\u00e9plac\u00e9<\/strong>, c\u2019est m\u00eame violent\u00a0\u00bb, d\u00e9plore l\u2019employ\u00e9, qui est aussi d\u00e9l\u00e9gu\u00e9 syndical SNTU-CFDT.<\/p>\n<p>Vid\u00e9os : en ce moment sur Actu<\/p>\n<p class=\" wall-content\">De par ses fonctions, il fait partie justement de la commission sant\u00e9, s\u00e9curit\u00e9 et conditions de travail (CSSCT), au sein du CSE de l\u2019entreprise, et travaille \u00e9norm\u00e9ment sur les <strong>risques psycho-sociaux<\/strong>. Jean-Christophe Colombo s\u2019interroge sur la politique de Keolis, qui appliquerait syst\u00e9matiquement cette d\u00e9marche dans pareille situation. Il compte alerter la ministre du Travail et faire bouger les choses au niveau national.<\/p>\n<p class=\" wall-content\">De son c\u00f4t\u00e9, Pierrick Poirier, directeur g\u00e9n\u00e9ral de Keolis Bordeaux M\u00e9tropole Mobilit\u00e9s, estime qu&rsquo;\u00a0\u00bb\u00e0 aucun moment un professionnel en contact public ne doit se mettre en danger face \u00e0 un voyageur hostile. Il est pr\u00e9conis\u00e9 de ne pas sortir du poste de conduite et d\u2019activer le bouton d\u2019alerte s\u00fbret\u00e9 pour g\u00e9rer la situation\u00a0\u00bb.<\/p>\n<p>    <img   decoding=\"async\" loading=\"lazy\" src=\"https:\/\/www.europesays.com\/fr\/wp-content\/uploads\/2025\/06\/pierrick-poirier-keolis-960x640.jpg\" alt=\"Pierrick Poirier est le directeur de Keolis Bordeaux M\u00e9tropole Mobilit\u00e9s.\" width=\"960\" height=\"640\"\/><br \/>\n    Pierrick Poirier est le directeur de Keolis Bordeaux M\u00e9tropole Mobilit\u00e9s. (\u00a9Actu.fr \/ Nicolas Gosselin)<\/p>\n<p class=\" wall-content\">Le dirigeant fait le parall\u00e8le avec <a href=\"https:\/\/actu.fr\/nouvelle-aquitaine\/bayonne_64102\/chauffeur-de-bus-tue-a-bayonne-les-deux-agresseurs-presumes-juges-pour-violence-volontaire-devant-une-cour-d-assises_53867406.html\" rel=\"nofollow noopener\" target=\"_blank\">le drame de Bayonne en 2020<\/a>, o\u00f9 un conducteur de bus \u00e9tait mort dans un contexte similaire. \u00ab\u00a0Je connais la consigne mais c\u2019est plus facile \u00e0 dire \u00e0 froid dans un bureau qu\u2019\u00e0 appliquer sur le terrain. Je sais que \u00e7a n\u2019en valait pas la peine mais sur le coup, <strong>l\u2019instinct prime sur la r\u00e9flexion\u00a0\u00bb<\/strong>, r\u00e9torque Jean-Christophe Colombo.<\/p>\n<p class=\" wall-content\">\u00ab\u00a0On nous parle de l\u00e2cher prise face aux incivilit\u00e9s et aux insultes mais c\u2019est <strong>une accumulation de choses qui ne sont pas normales<\/strong>, poursuit-il. Monsieur Poirier essaye de minimiser sa responsabilit\u00e9 d\u2019entreprise. Si un jour, sa fille ou sa ni\u00e8ce est victime d\u2019attouchements sexuels \u00e0 l\u2019arri\u00e8re du bus, est-ce que je dois quitter mon poste de conduite ou dois-je tourner la t\u00eate ? On doit \u00eatre ma\u00eetre \u00e0 bord de son v\u00e9hicule.\u00a0\u00bb<\/p>\n<p>Il craint plusieurs jours de mise \u00e0 pied<\/p>\n<p class=\" wall-content\">Jean-Christophe Colombo est convoqu\u00e9 le 17 juin \u00e0 son entretien pr\u00e9alable \u00e0 une sanction disciplinaire. S\u2019il sait qu\u2019il devrait \u00e9chapper au licenciement, de par sa fonction syndicale et de par la jurisprudence \u00e0 ce sujet, le chauffeur <strong>craint d\u2019\u00eatre mis \u00e0 pied quelques jours<\/strong>. Pour ce p\u00e8re c\u00e9libataire de 52 ans, ce serait un nouveau coup dur psychologiquement et une perte de salaire non n\u00e9gligeable.<\/p>\n<p class=\" wall-content\">Suivez toute l\u2019actualit\u00e9 de vos villes et m\u00e9dias favoris en vous inscrivant \u00e0 <a href=\"https:\/\/moncompte.actu.fr\" title=\"D\u00e9couvez Mon Actu\" rel=\"nofollow noopener\" data-trk=\"{&quot;cta&quot;:{&quot;action&quot;:&quot;https:\\\/\\\/moncompte.actu.fr&quot;,&quot;category&quot;:&quot;mon compte&quot;,&quot;from&quot;:&quot;article footer&quot;,&quot;name&quot;:&quot;Mon actu&quot;,&quot;type&quot;:&quot;cta&quot;}}\" target=\"_blank\">Mon Actu<\/a>.<\/p>\n","protected":false},"excerpt":{"rendered":"Par Nicolas Gosselin Publi\u00e9 le 6 juin 2025 \u00e0 18h24 \u00ab\u00a0Je le vis comme une deuxi\u00e8me agression, j\u2019ai&hellip;\n","protected":false},"author":2,"featured_media":157724,"comment_status":"","ping_status":"","sticky":false,"template":"","format":"standard","meta":{"footnotes":""},"categories":[2817],"tags":[1111,11,1997,1777,674,1011,27,4999,12,2219,25,104,7952],"class_list":{"0":"post-157723","1":"post","2":"type-post","3":"status-publish","4":"format-standard","5":"has-post-thumbnail","7":"category-bordeaux","8":"tag-actu","9":"tag-actualites","10":"tag-bordeaux","11":"tag-eu","12":"tag-europe","13":"tag-fr","14":"tag-france","15":"tag-keolis","16":"tag-news","17":"tag-nouvelle-aquitaine","18":"tag-republique-francaise","19":"tag-societe","20":"tag-tbm"},"share_on_mastodon":{"url":"https:\/\/pubeurope.com\/@fr\/114639116956256559","error":""},"_links":{"self":[{"href":"https:\/\/www.europesays.com\/fr\/wp-json\/wp\/v2\/posts\/157723","targetHints":{"allow":["GET"]}}],"collection":[{"href":"https:\/\/www.europesays.com\/fr\/wp-json\/wp\/v2\/posts"}],"about":[{"href":"https:\/\/www.europesays.com\/fr\/wp-json\/wp\/v2\/types\/post"}],"author":[{"embeddable":true,"href":"https:\/\/www.europesays.com\/fr\/wp-json\/wp\/v2\/users\/2"}],"replies":[{"embeddable":true,"href":"https:\/\/www.europesays.com\/fr\/wp-json\/wp\/v2\/comments?post=157723"}],"version-history":[{"count":0,"href":"https:\/\/www.europesays.com\/fr\/wp-json\/wp\/v2\/posts\/157723\/revisions"}],"wp:featuredmedia":[{"embeddable":true,"href":"https:\/\/www.europesays.com\/fr\/wp-json\/wp\/v2\/media\/157724"}],"wp:attachment":[{"href":"https:\/\/www.europesays.com\/fr\/wp-json\/wp\/v2\/media?parent=157723"}],"wp:term":[{"taxonomy":"category","embeddable":true,"href":"https:\/\/www.europesays.com\/fr\/wp-json\/wp\/v2\/categories?post=157723"},{"taxonomy":"post_tag","embeddable":true,"href":"https:\/\/www.europesays.com\/fr\/wp-json\/wp\/v2\/tags?post=157723"}],"curies":[{"name":"wp","href":"https:\/\/api.w.org\/{rel}","templated":true}]}}