{"id":157725,"date":"2025-06-06T23:54:09","date_gmt":"2025-06-06T23:54:09","guid":{"rendered":"https:\/\/www.europesays.com\/fr\/157725\/"},"modified":"2025-06-06T23:54:09","modified_gmt":"2025-06-06T23:54:09","slug":"toulouse-suspecte-de-pedopornographie-le-directeur-general-de-la-mutuelle-des-pompiers-suspendu","status":"publish","type":"post","link":"https:\/\/www.europesays.com\/fr\/157725\/","title":{"rendered":"Toulouse. Suspect\u00e9 de p\u00e9dopornographie, le directeur g\u00e9n\u00e9ral de la mutuelle des pompiers suspendu"},"content":{"rendered":"<p>            Par<br \/>\n        <strong><br \/>\n            <a href=\"https:\/\/actu.fr\/auteur\/mareva-laville-actu-fr\" title=\"Consulter tous les articles de Mar\u00e9va Laville\" target=\"_blank\" rel=\"noopener\">Mar\u00e9va Laville<\/a><br \/>\n        <\/strong><\/p>\n<p>        Publi\u00e9 le<\/p>\n<p>            6 juin 2025 \u00e0 17h06        <\/p>\n<p>C\u2019est un dossier sensible pour lequel le <strong>parquet de Toulouse,<\/strong> contact\u00e9 par <a href=\"http:\/\/www.actu.fr\/toulouse\" target=\"_blank\" rel=\"noopener\">Actu.fr,<\/a> ne pr\u00e9f\u00e8re pas s\u2019\u00e9taler, outre mesure. Jeudi 5 juin 2025, <a href=\"https:\/\/www.ladepeche.fr\/2025\/06\/05\/info-la-depeche-le-directeur-general-par-interim-de-la-mutuelle-nationale-des-sapeurs-pompiers-de-france-mis-en-examen-pour-pedophilie-12742992.php\" target=\"_blank\" rel=\"noopener\">La D\u00e9p\u00eache du Midi <\/a>r\u00e9v\u00e9lait que l\u2019actuel directeur g\u00e9n\u00e9ral par int\u00e9rim de la <strong>Mutuelle nationale des sapeurs-pompiers de France,<\/strong> interpell\u00e9 mardi 3 juin matin suite \u00e0 un signalement sur la <a href=\"https:\/\/www.internet-signalement.gouv.fr\/PharosS1\/\" target=\"_blank\" rel=\"noopener\">plateforme minist\u00e9rielle Pharos<\/a>, \u00e9tait mis en examen pour des faits de <strong>p\u00e9dopornographie,<\/strong> commis en dehors de ses fonctions.\u00a0<\/p>\n<p>Le directeur g\u00e9n\u00e9ral par int\u00e9rim de la mutuelle suspendu<\/p>\n<p class=\" wall-content\">Une information qui n\u2019a pas manqu\u00e9 de faire r\u00e9agir l\u2019organisme de sant\u00e9 des sapeurs-pompiers \u2014 dont le si\u00e8ge administratif se trouve \u00e0 <a href=\"https:\/\/actu.fr\/occitanie\/colomiers_31149\" target=\"_blank\" rel=\"noopener\">Colomiers<\/a> \u2014 et son pr\u00e9sident. \u00ab\u2009D\u00e8s connaissance de cette situation, les instances de la mutuelle vont prendre sans d\u00e9lai la <strong>d\u00e9cision de suspendre imm\u00e9diatement l\u2019int\u00e9ress\u00e9<\/strong> \u00e0 titre conservatoire de ses fonctions et de toute activit\u00e9 au sein de la structure\u2009\u00bb, indique la MNSPF, qui l\u2019emploie depuis 2021.<\/p>\n<p class=\" wall-content\">Celle qui insiste toutefois sur le respect de la pr\u00e9somption d\u2019innocence, dit se tenir \u00ab\u2009\u00e0 disposition des autorit\u00e9s comp\u00e9tentes dans le cadre de l\u2019enqu\u00eate\u2009\u00bb portant sur \u00ab\u2009des faits d\u2019une exceptionnelle gravit\u00e9\u2009\u00bb, juge-t-elle. Mais de quoi est soup\u00e7onn\u00e9 ce membre de la direction de la Mutuelle des pompiers, <strong>\u00e2g\u00e9 de 48\u00a0ans et habitant de la Ville rose<\/strong>\u2009?<\/p>\n<p>Quatre infractions soulev\u00e9es par le parquet de Toulouse<\/p>\n<p class=\" wall-content\">\u00ab\u2009L\u2019instruction est en cours\u2009\u00bb, avance le vice-procureur de la R\u00e9publique de Toulouse. <strong>Quatre infractions<\/strong> lui sont reproch\u00e9es. Avec comme ann\u00e9e de d\u00e9part, 2018. Ann\u00e9e durant laquelle le suspect n\u2019\u00e9tait pas en poste \u00e0 la Mutuelle nationale des sapeurs-pompiers de France. Selon son CV, l\u2019homme \u00e9tait \u00e0 l\u2019\u00e9poque \u00ab\u2009responsable de portefeuille de projets\u2009\u00bb \u00e0 la Mutuelle nationale des hospitaliers (MNH), dans le Loiret.<\/p>\n<p>De la d\u00e9tention d\u2019image p\u00e9dopornographique, entre autres\u2026<\/p>\n<p class=\" wall-content\">Ce serait <strong>\u00e0 partir du 1\u1d49\u02b3 mai\u00a02018<\/strong> que le suspect aurait demand\u00e9 \u00e0 un mineur de 15\u00a0ans de lui transmettre une<strong> image \u00e0 caract\u00e8re pornographique.<\/strong> Image qu\u2019il aurait r\u00e9ussi \u00e0 recevoir courant mai\u00a02018. D\u2019autres mineurs auraient \u00e9t\u00e9 concern\u00e9s <strong>entre ce 1er\u00a0mai 2018 et le 30\u00a0mai 2025<\/strong>, d\u2019apr\u00e8s les infractions soulev\u00e9es dans le cadre de l\u2019enqu\u00eate men\u00e9e par la Division de la criminalit\u00e9 organis\u00e9e et sp\u00e9cialis\u00e9e (DCOS).<\/p>\n<p>Vid\u00e9os : en ce moment sur Actu<\/p>\n<p class=\" wall-content\">Durant ces m\u00eames sept ann\u00e9es, le suspect aurait \u00e9galement <strong>propos\u00e9 des pratiques sexuelles \u00e0 un mineur de 15\u00a0ans<\/strong> \u00ab\u2009en utilisant un moyen de communication \u00e9lectronique\u2009\u00bb, d\u00e9taille le parquet de Toulouse.<\/p>\n<p>Le suspect plac\u00e9 en garde \u00e0 vue<\/p>\n<p class=\" wall-content\">D\u2019apr\u00e8s les informations de La D\u00e9p\u00eache, le directeur g\u00e9n\u00e9ral par int\u00e9rim de la mutuelle, d\u00e9sormais suspendu, <strong>aurait reconnu les faits<\/strong> lors de sa garde \u00e0 vue, mais \u00ab\u2009nie avoir eu des relations sexuelles avec des mineurs\u2009\u00bb. Ordinateur, t\u00e9l\u00e9phone et mat\u00e9riel \u00e9lectronique ont \u00e9t\u00e9 saisis. C\u2019est d\u00e9sormais le<strong> juge d\u2019instruction<\/strong> qui donnera le tempo de ce dossier.<\/p>\n<p class=\" wall-content\">Suivez toute l\u2019actualit\u00e9 de vos villes et m\u00e9dias favoris en vous inscrivant \u00e0 <a href=\"https:\/\/moncompte.actu.fr\" title=\"D\u00e9couvez Mon Actu\" rel=\"nofollow noopener\" data-trk=\"{&quot;cta&quot;:{&quot;action&quot;:&quot;https:\\\/\\\/moncompte.actu.fr&quot;,&quot;category&quot;:&quot;mon compte&quot;,&quot;from&quot;:&quot;article footer&quot;,&quot;name&quot;:&quot;Mon actu&quot;,&quot;type&quot;:&quot;cta&quot;}}\" target=\"_blank\">Mon Actu<\/a>.<\/p>\n","protected":false},"excerpt":{"rendered":"Par Mar\u00e9va Laville Publi\u00e9 le 6 juin 2025 \u00e0 17h06 C\u2019est un dossier sensible pour lequel le parquet&hellip;\n","protected":false},"author":2,"featured_media":157726,"comment_status":"","ping_status":"","sticky":false,"template":"","format":"standard","meta":{"footnotes":""},"categories":[2816],"tags":[1111,11,1777,674,118,1011,27,303,12,2680,874,1072,25,2312],"class_list":{"0":"post-157725","1":"post","2":"type-post","3":"status-publish","4":"format-standard","5":"has-post-thumbnail","7":"category-toulouse","8":"tag-actu","9":"tag-actualites","10":"tag-eu","11":"tag-europe","12":"tag-faits-divers","13":"tag-fr","14":"tag-france","15":"tag-justice","16":"tag-news","17":"tag-occitanie","18":"tag-pedophilie","19":"tag-police","20":"tag-republique-francaise","21":"tag-toulouse"},"share_on_mastodon":{"url":"https:\/\/pubeurope.com\/@fr\/114639120852898903","error":""},"_links":{"self":[{"href":"https:\/\/www.europesays.com\/fr\/wp-json\/wp\/v2\/posts\/157725","targetHints":{"allow":["GET"]}}],"collection":[{"href":"https:\/\/www.europesays.com\/fr\/wp-json\/wp\/v2\/posts"}],"about":[{"href":"https:\/\/www.europesays.com\/fr\/wp-json\/wp\/v2\/types\/post"}],"author":[{"embeddable":true,"href":"https:\/\/www.europesays.com\/fr\/wp-json\/wp\/v2\/users\/2"}],"replies":[{"embeddable":true,"href":"https:\/\/www.europesays.com\/fr\/wp-json\/wp\/v2\/comments?post=157725"}],"version-history":[{"count":0,"href":"https:\/\/www.europesays.com\/fr\/wp-json\/wp\/v2\/posts\/157725\/revisions"}],"wp:featuredmedia":[{"embeddable":true,"href":"https:\/\/www.europesays.com\/fr\/wp-json\/wp\/v2\/media\/157726"}],"wp:attachment":[{"href":"https:\/\/www.europesays.com\/fr\/wp-json\/wp\/v2\/media?parent=157725"}],"wp:term":[{"taxonomy":"category","embeddable":true,"href":"https:\/\/www.europesays.com\/fr\/wp-json\/wp\/v2\/categories?post=157725"},{"taxonomy":"post_tag","embeddable":true,"href":"https:\/\/www.europesays.com\/fr\/wp-json\/wp\/v2\/tags?post=157725"}],"curies":[{"name":"wp","href":"https:\/\/api.w.org\/{rel}","templated":true}]}}