{"id":15773,"date":"2025-04-10T20:06:15","date_gmt":"2025-04-10T20:06:15","guid":{"rendered":"https:\/\/www.europesays.com\/fr\/15773\/"},"modified":"2025-04-10T20:06:15","modified_gmt":"2025-04-10T20:06:15","slug":"lunion-europeenne-trouve-un-accord-pour-limiter-les-fuites-de-granules-plastiques","status":"publish","type":"post","link":"https:\/\/www.europesays.com\/fr\/15773\/","title":{"rendered":"l\u2019Union europ\u00e9enne trouve un accord pour limiter les fuites de granul\u00e9s plastiques"},"content":{"rendered":"<p><strong>VU D\u2019AILLEURS &#8211;<\/strong> Les entreprises manipulant ces microbilles devront \u00e9tablir et mettre en \u0153uvre un plan de gestion des risques.<\/p>\n<p class=\"fig-paragraph\">C\u2019est l\u2019une des principales sources de pollution aux microplastiques. Ce mardi dans la nuit,\u00a0<a href=\"http:\/\/www.lefigaro.fr\/international\/notre-systeme-est-defaillant-la-commission-europeenne-valide-les-hubs-de-retour-pour-migrants-20250311\" data-fig-type=\"Article\" data-gtm-custom-categorie=\"navigation\" data-gtm-custom-action=\"crossclick\" data-gtm-custom-label=\"Contextuel\" data-gtm-event=\"customEventSPE\" data-fig-domain=\"LEFIGARO\" target=\"_blank\" rel=\"noopener\">la Commission europ\u00e9enne<\/a>, le Parlement et le Conseil sont parvenus \u00e0 un accord autour d\u2019une r\u00e9glementation visant \u00e0 r\u00e9duire les fuites de granul\u00e9s de plastique dans la nature. Ces minuscules billes (moins de 5 mm) que certains appellent aussi \u00ab larmes de sir\u00e8ne\u00a0\u00bb constituent la mati\u00e8re premi\u00e8re pour produire des pi\u00e8ces plastiques. On estime qu\u2019entre 52 et 184.000 tonnes de ces granul\u00e9s sont rejet\u00e9es accidentellement chaque ann\u00e9e dans l\u2019environnement en raison de mauvaises manipulations tout au long de la cha\u00eene d\u2019approvisionnement (en particulier lors du transport).<\/p>\n<p class=\"fig-paragraph\">En Belgique, on en retrouve par exemple en masse autour du zoning industriel de Feluy o\u00f9 est situ\u00e9e l\u2019usine de\u00a0<a href=\"http:\/\/www.lefigaro.fr\/societes\/totalenergies-mise-sur-des-technologies-de-pointe-dans-l-hydrogene-pour-verdir-ses-raffineries-20250331\" data-fig-type=\"Article\" data-gtm-custom-categorie=\"navigation\" data-gtm-custom-action=\"crossclick\" data-gtm-custom-label=\"Contextuel\" data-gtm-event=\"customEventSPE\" data-fig-domain=\"LEFIGARO\" target=\"_blank\" rel=\"noopener\">TotalEnergies<\/a>\u00a0Petrochemicals. A Tamise en Flandre, les berges de l\u2019Escaut sont \u00e9galement souill\u00e9es par ces microbilles qui sont charri\u00e9es depuis le port d\u2019Anvers vers l\u2019int\u00e9rieur des terres par les mar\u00e9es. Une fois dans\u2026<\/p>\n<p class=\"fig-premium-paywall__infos\">\n        Cet article est r\u00e9serv\u00e9 aux abonn\u00e9s.        Il vous reste 81% \u00e0 d\u00e9couvrir.\n    <\/p>\n<p>                <img  data- alt=\"Le Figaro\" class=\"fig-img--complete fig-img\"\/><\/p>\n<p class=\"fig-premium-paywall__title\">Vous avez envie de lire la suite ?<\/p>\n<p class=\"fig-premium-paywall__subtitle\">D\u00e9bloquez tous les articles imm\u00e9diatement.<\/p>\n<p class=\"fig-premium-paywall__connect\">\n                D\u00e9j\u00e0 abonn\u00e9\u00a0?                <a class=\"fig-premium-paywall__connect-link\" href=\"https:\/\/connect.lefigaro.fr\/login?client=horizon_web&amp;type=main&amp;redirect_uri=https%3A%2F%2Fwww.lefigaro.fr%2Finternational%2Fpollution-l-union-europeenne-trouve-un-accord-pour-limiter-les-fuites-de-granules-plastiques-20250410\" data-js-gtm=\"{&quot;customCategorie&quot;: &quot;conversion&quot;, &quot;customAction&quot;: &quot;before_Landing_Connexion_paywall_auto&quot;, &quot;customLabel&quot;: &quot;bGVmaWdhcm8uZnJfXzFmMDE2MzJiLThjZjItNjFhOC1hYzEwLTdmNTEzYWVmZjc4Yl9fQXJ0aWNsZQ==_Pollution\u00a0: l\u2019Union europ\u00e9enne trouve un accord pour limiter les fuites de granul\u00e9s plastiques_330&quot;, &quot;customIDSPE&quot;: &quot;bGVmaWdhcm8uZnJfXzFmMDE2MzJiLThjZjItNjFhOC1hYzEwLTdmNTEzYWVmZjc4Yl9fQXJ0aWNsZQ==&quot;, &quot;event&quot;: &quot;customEventSPE&quot;}\" target=\"_blank\" rel=\"noopener\"><br \/>\n                    Connectez-vous<br \/>\n                <\/a>\n            <\/p>\n","protected":false},"excerpt":{"rendered":"VU D\u2019AILLEURS &#8211; Les entreprises manipulant ces microbilles devront \u00e9tablir et mettre en \u0153uvre un plan de gestion&hellip;\n","protected":false},"author":2,"featured_media":15774,"comment_status":"","ping_status":"","sticky":false,"template":"","format":"standard","meta":{"footnotes":""},"categories":[1586],"tags":[259,11,260,1777,674,1779,1011,27,14,261,12,6579,262,1800,25,1778,364],"class_list":{"0":"post-15773","1":"post","2":"type-post","3":"status-publish","4":"format-standard","5":"has-post-thumbnail","7":"category-europe","8":"tag-actualite-internationale","9":"tag-actualites","10":"tag-affaires-etrangeres","11":"tag-eu","12":"tag-europe","13":"tag-european-union","14":"tag-fr","15":"tag-france","16":"tag-international","17":"tag-ministere-des-affaires-etrangeres","18":"tag-news","19":"tag-plastique","20":"tag-politique-etrangere","21":"tag-pollution","22":"tag-republique-francaise","23":"tag-ue","24":"tag-union-europeenne"},"share_on_mastodon":{"url":"https:\/\/pubeurope.com\/@fr\/114315472613667697","error":""},"_links":{"self":[{"href":"https:\/\/www.europesays.com\/fr\/wp-json\/wp\/v2\/posts\/15773","targetHints":{"allow":["GET"]}}],"collection":[{"href":"https:\/\/www.europesays.com\/fr\/wp-json\/wp\/v2\/posts"}],"about":[{"href":"https:\/\/www.europesays.com\/fr\/wp-json\/wp\/v2\/types\/post"}],"author":[{"embeddable":true,"href":"https:\/\/www.europesays.com\/fr\/wp-json\/wp\/v2\/users\/2"}],"replies":[{"embeddable":true,"href":"https:\/\/www.europesays.com\/fr\/wp-json\/wp\/v2\/comments?post=15773"}],"version-history":[{"count":0,"href":"https:\/\/www.europesays.com\/fr\/wp-json\/wp\/v2\/posts\/15773\/revisions"}],"wp:featuredmedia":[{"embeddable":true,"href":"https:\/\/www.europesays.com\/fr\/wp-json\/wp\/v2\/media\/15774"}],"wp:attachment":[{"href":"https:\/\/www.europesays.com\/fr\/wp-json\/wp\/v2\/media?parent=15773"}],"wp:term":[{"taxonomy":"category","embeddable":true,"href":"https:\/\/www.europesays.com\/fr\/wp-json\/wp\/v2\/categories?post=15773"},{"taxonomy":"post_tag","embeddable":true,"href":"https:\/\/www.europesays.com\/fr\/wp-json\/wp\/v2\/tags?post=15773"}],"curies":[{"name":"wp","href":"https:\/\/api.w.org\/{rel}","templated":true}]}}