{"id":157731,"date":"2025-06-06T23:57:14","date_gmt":"2025-06-06T23:57:14","guid":{"rendered":"https:\/\/www.europesays.com\/fr\/157731\/"},"modified":"2025-06-06T23:57:14","modified_gmt":"2025-06-06T23:57:14","slug":"la-nuit-des-eglises-2025-a-la-cathedrale-de-lille-evenements","status":"publish","type":"post","link":"https:\/\/www.europesays.com\/fr\/157731\/","title":{"rendered":"La Nuit des \u00e9glises &#8211; 2025 \u00e0 la Cath\u00e9drale de Lille \/ \u00c9v\u00e9nements"},"content":{"rendered":"<p>\n                                                                        Le 5 juillet 2025<br \/>\n\t\t\t\t\t\t\t\t\t\t\tde 18h30 \u00e0 23h59\n\t\t\t\t\t                                        <\/p>\n<p class=\"subtitle\">\u00e0 <strong><br \/>\nCath\u00e9drale Notre Dame de la Treille<\/strong><\/p>\n<p>Dans le cadre de l&rsquo;\u00e9dition 2025 de cet \u00e9v\u00e9nement national, la Cath\u00e9drale de Lille vous accueille en nocturne \u00e0 la lueur de la bougie avec une programmation riche et \u00e9clectique.<\/p>\n<p>            <img loading=\"lazy\" decoding=\"async\" src=\"\/var\/www\/storage\/images\/mediatheque\/mairie-de-lille\/images-openagenda\/la-nuit-des-eglises-2025-a-la-cathedrale-de-lille\/3782513-1-fre-FR\/La-Nuit-des-eglises-2025-a-la-Cathedrale-de-Lille_news_image_top.jpg\" width=\"776\" height=\"582\" alt=\"La Nuit des \u00e9glises - 2025 \u00e0 la Cath\u00e9drale de Lille\"\/><\/p>\n<p>\n<strong>De 18H30 \u00e0 MINUIT<\/strong><br \/>La cath\u00e9drale vous accueille \u00e0 la lueur de la bougie.<br \/>Venez (re)d\u00e9couvrir ce magnifique monument religieux n\u00e9o-gothique fortement li\u00e9 \u00e0 l&rsquo;histoire de la Ville de Lille, qui ne laisse personne indiff\u00e9rent devant sa surprenante fa\u00e7ade contemporaine translucide.<\/p>\n<p><strong>18H30<\/strong> <strong>CONCERT<\/strong> Lancement de l\u2019\u00e9dition 2025 du festival <strong>Les Estivales de la Treille<\/strong> port\u00e9 par l\u2019association des \u00ab Amis de la Cath\u00e9drale ND de la Treille \u00bb. <strong>Musique Vocal et Grande Orgue avec le Choeur R\u00e9gional des Hauts-de-France<\/strong><\/p>\n<p><strong>19H00<\/strong> <strong>VISITE GUID\u00e9E DU CENTRE D\u2019ART SACRE DE LILLE &#8211; Saison Estivale 2025<\/strong><\/p>\n<p><strong>20H00<\/strong> <strong>OUVERTURE DES FESTIVITES POUR LES 10 ANS DES \u00ab ESTIVALES DE LA TREILLE \u00bb<\/strong><\/p>\n<p><strong>20H30<\/strong> <strong>VISITE DECOUVERTE DE LA CRYPTE NEOGOTHIQUE<\/strong> Ouverture jusque 22H30, acc\u00e8s depuis le Centre d\u2019Art Sacr\u00e9 de Lille, pr\u00e9voir file d\u2019attente (Places limit\u00e9es, temps de visite limit\u00e9)<\/p>\n<p>\n<strong>21H00<\/strong> <strong>MESSE SOLENNELLE DE LOUIS VIERNE<\/strong><br \/>\u2022 APERTO : Ch\u0153ur d&rsquo;adultes du Conservatoire de Lille, dirig\u00e9 par Laetitia DEWILDE<br \/>\u2022 CH\u0152UR SAINT-NICOLAS : Ch\u0153ur de Wasquehal, dirig\u00e9 par Laetitia DEWILDE<br \/>\u2022 CHOEUR CHANTEVIE, dirig\u00e9 par Val\u00e9rie Poivre<\/p>\n<p><strong>22H30<\/strong> <strong>A CAPELLA Ensemble vocal<\/strong> dirig\u00e9 par Ga\u00e9tan QUILLE<\/p>\n<p><strong>23H30<\/strong> <strong>OFFICE DES COMPLIES<\/strong> chant\u00e9 par le P\u00e8re Bruno MARY Recteur de la Cath\u00e9drale<\/p>\n<p>En partenariat avec l\u2019association des \u00ab Amis de la Cath\u00e9drale ND de la Treille \u00bb.<\/p>\n<p>CENTRE D\u2019ART SACRE DE LILLE<\/p>\n<p>\u00ab Crypte moderne \u00bb de la Cath\u00e9drale (Acc\u00e8s en bas des marches \u00e0 gauche du Parvis)<\/p>\n<p><strong>19H \u00e0 23H<\/strong> Visite libre de l\u2019exposition AUTOUR DE LA PASSION par Sergio FERRO\u2013 Saison Estivale 2025<\/p>\n<p>En partenariat avec l&rsquo;Antenne lilloise de la PAstorale du Trouisme du Dioc\u00e8se de Lille.<\/p>\n<p>        \t\t                        Infos pratiques<\/p>\n<p>                    Lieu<\/p>\n<p>\nCath\u00e9drale Notre Dame de la Treille<\/p>\n<p>                    Adresse<\/p>\n<p>Place Gilleson, 59800 Lille<\/p>\n<p>                                                            Voir le plan<\/p>\n<p>\n                    PublicsDe  \u00e0  ans<\/p>\n<p>                            Horaires<\/p>\n<p class=\"textAlone\">Le 05\/07\/2025 de 18:30 \u00e0 23:59<\/p>\n","protected":false},"excerpt":{"rendered":"Le 5 juillet 2025 de 18h30 \u00e0 23h59 \u00e0 Cath\u00e9drale Notre Dame de la Treille Dans le cadre&hellip;\n","protected":false},"author":2,"featured_media":157732,"comment_status":"","ping_status":"","sticky":false,"template":"","format":"standard","meta":{"footnotes":""},"categories":[2815],"tags":[1111,11,4763,1777,674,1011,27,811,1307,5415,12,25],"class_list":{"0":"post-157731","1":"post","2":"type-post","3":"status-publish","4":"format-standard","5":"has-post-thumbnail","7":"category-lille","8":"tag-actu","9":"tag-actualites","10":"tag-agenda","11":"tag-eu","12":"tag-europe","13":"tag-fr","14":"tag-france","15":"tag-hauts-de-france","16":"tag-lille","17":"tag-mairie","18":"tag-news","19":"tag-republique-francaise"},"share_on_mastodon":{"url":"https:\/\/pubeurope.com\/@fr\/114639132680849823","error":""},"_links":{"self":[{"href":"https:\/\/www.europesays.com\/fr\/wp-json\/wp\/v2\/posts\/157731","targetHints":{"allow":["GET"]}}],"collection":[{"href":"https:\/\/www.europesays.com\/fr\/wp-json\/wp\/v2\/posts"}],"about":[{"href":"https:\/\/www.europesays.com\/fr\/wp-json\/wp\/v2\/types\/post"}],"author":[{"embeddable":true,"href":"https:\/\/www.europesays.com\/fr\/wp-json\/wp\/v2\/users\/2"}],"replies":[{"embeddable":true,"href":"https:\/\/www.europesays.com\/fr\/wp-json\/wp\/v2\/comments?post=157731"}],"version-history":[{"count":0,"href":"https:\/\/www.europesays.com\/fr\/wp-json\/wp\/v2\/posts\/157731\/revisions"}],"wp:featuredmedia":[{"embeddable":true,"href":"https:\/\/www.europesays.com\/fr\/wp-json\/wp\/v2\/media\/157732"}],"wp:attachment":[{"href":"https:\/\/www.europesays.com\/fr\/wp-json\/wp\/v2\/media?parent=157731"}],"wp:term":[{"taxonomy":"category","embeddable":true,"href":"https:\/\/www.europesays.com\/fr\/wp-json\/wp\/v2\/categories?post=157731"},{"taxonomy":"post_tag","embeddable":true,"href":"https:\/\/www.europesays.com\/fr\/wp-json\/wp\/v2\/tags?post=157731"}],"curies":[{"name":"wp","href":"https:\/\/api.w.org\/{rel}","templated":true}]}}