{"id":157733,"date":"2025-06-06T23:58:09","date_gmt":"2025-06-06T23:58:09","guid":{"rendered":"https:\/\/www.europesays.com\/fr\/157733\/"},"modified":"2025-06-06T23:58:09","modified_gmt":"2025-06-06T23:58:09","slug":"previsions-du-samedi-7-juin-2025-5","status":"publish","type":"post","link":"https:\/\/www.europesays.com\/fr\/157733\/","title":{"rendered":"pr\u00e9visions du samedi 7 juin 2025"},"content":{"rendered":"<p>C&rsquo;est une belle journ\u00e9e dont va b\u00e9n\u00e9ficier Marseille, o\u00f9 le soleil va briller avec force. Les temp\u00e9ratures avoisineront les 23\u00b0C. Un vent de sud-ouest rafra\u00eechira l\u00e9g\u00e8rement l&rsquo;atmosph\u00e8re. Le matin, le mercure affichera 23\u00b0C en moyenne. Les valeurs s&rsquo;\u00e9chelonneront entre 24 et 25\u00b0C pendant l&rsquo;apr\u00e8s-midi. Les temp\u00e9ratures afficheront entre 22 et 23\u00b0C le soir. C&rsquo;est un ciel clair que conna\u00eetra la nuit de samedi \u00e0 dimanche.<\/p>\n<p>Demain, un important soleil rayonnera sur Marseille. Les valeurs seront comprises entre 20 et 26\u00b0C. Un vent de nord-ouest soufflera \u00e0 32 km\/h. Les temp\u00e9ratures seront de 21\u00b0C au minimum et de 25\u00b0C au maximum la matin\u00e9e. Les maximales iront jusqu&rsquo;\u00e0 26\u00b0C dans l&rsquo;apr\u00e8s-midi alors que les minimales seront de 25\u00b0C. Il va faire environ 24\u00b0C, demain soir.<\/p>\n<p>Peu de changements au fil des jours. Pr\u00e9voyez 23\u00b0C en moyenne qui accompagneront des journ\u00e9es ensoleill\u00e9es.<\/p>\n<p>Parce qu&rsquo;aujourd&rsquo;hui nous c\u00e9l\u00e9brons la f\u00eate des m\u00e8res, souhaitons une bonne f\u00eate \u00e0 toutes mamans !<\/p>\n","protected":false},"excerpt":{"rendered":"C&rsquo;est une belle journ\u00e9e dont va b\u00e9n\u00e9ficier Marseille, o\u00f9 le soleil va briller avec force. Les temp\u00e9ratures avoisineront&hellip;\n","protected":false},"author":2,"featured_media":157734,"comment_status":"","ping_status":"","sticky":false,"template":"","format":"standard","meta":{"footnotes":""},"categories":[2814],"tags":[1111,11,885,1777,674,1011,27,884,12,883,2119,882,25],"class_list":{"0":"post-157733","1":"post","2":"type-post","3":"status-publish","4":"format-standard","5":"has-post-thumbnail","7":"category-marseille","8":"tag-actu","9":"tag-actualites","10":"tag-bouches-du-rhone","11":"tag-eu","12":"tag-europe","13":"tag-fr","14":"tag-france","15":"tag-marseille","16":"tag-news","17":"tag-paca","18":"tag-previsions-meteo","19":"tag-provence-alpes-cote-dazur","20":"tag-republique-francaise"},"share_on_mastodon":{"url":"https:\/\/pubeurope.com\/@fr\/114639136604434525","error":""},"_links":{"self":[{"href":"https:\/\/www.europesays.com\/fr\/wp-json\/wp\/v2\/posts\/157733","targetHints":{"allow":["GET"]}}],"collection":[{"href":"https:\/\/www.europesays.com\/fr\/wp-json\/wp\/v2\/posts"}],"about":[{"href":"https:\/\/www.europesays.com\/fr\/wp-json\/wp\/v2\/types\/post"}],"author":[{"embeddable":true,"href":"https:\/\/www.europesays.com\/fr\/wp-json\/wp\/v2\/users\/2"}],"replies":[{"embeddable":true,"href":"https:\/\/www.europesays.com\/fr\/wp-json\/wp\/v2\/comments?post=157733"}],"version-history":[{"count":0,"href":"https:\/\/www.europesays.com\/fr\/wp-json\/wp\/v2\/posts\/157733\/revisions"}],"wp:featuredmedia":[{"embeddable":true,"href":"https:\/\/www.europesays.com\/fr\/wp-json\/wp\/v2\/media\/157734"}],"wp:attachment":[{"href":"https:\/\/www.europesays.com\/fr\/wp-json\/wp\/v2\/media?parent=157733"}],"wp:term":[{"taxonomy":"category","embeddable":true,"href":"https:\/\/www.europesays.com\/fr\/wp-json\/wp\/v2\/categories?post=157733"},{"taxonomy":"post_tag","embeddable":true,"href":"https:\/\/www.europesays.com\/fr\/wp-json\/wp\/v2\/tags?post=157733"}],"curies":[{"name":"wp","href":"https:\/\/api.w.org\/{rel}","templated":true}]}}