{"id":157739,"date":"2025-06-07T00:01:13","date_gmt":"2025-06-07T00:01:13","guid":{"rendered":"https:\/\/www.europesays.com\/fr\/157739\/"},"modified":"2025-06-07T00:01:13","modified_gmt":"2025-06-07T00:01:13","slug":"un-orage-puissant-avec-vent-et-grele-secoue-des-communes-du-rhone-les-images-du-deluge","status":"publish","type":"post","link":"https:\/\/www.europesays.com\/fr\/157739\/","title":{"rendered":"Un orage puissant avec vent et gr\u00eale secoue des communes du Rh\u00f4ne, les images du d\u00e9luge"},"content":{"rendered":"<p>            Par<br \/>\n        <strong><br \/>\n            <a href=\"https:\/\/actu.fr\/auteur\/redaction-lyon\" title=\"Consulter tous les articles de R\u00e9daction Lyon\" target=\"_blank\" rel=\"noopener\">R\u00e9daction Lyon<\/a><br \/>\n        <\/strong><\/p>\n<p>        Publi\u00e9 le<\/p>\n<p>            6 juin 2025 \u00e0 23h40        <\/p>\n<p>Le <a href=\"https:\/\/actu.fr\/auvergne-rhone-alpes\/rhone_69\" target=\"_blank\" rel=\"noopener\">Rh\u00f4ne<\/a> a \u00e9t\u00e9 balay\u00e9 par de violents <a href=\"https:\/\/actu.fr\/meteo\/risques-d-orages-violents-ce-vendredi-meteo-france-place-une-quinzaine-de-departements-en-vigilance_62734284.html\" target=\"_blank\" rel=\"noopener\">orages<\/a> ce vendredi en d\u00e9but de soir\u00e9e alors que le d\u00e9partement est plac\u00e9 en <a href=\"https:\/\/actu.fr\/meteo\/alerte-aux-orages-violents-grele-et-tres-fortes-pluies-dans-le-rhone-vendredi-les-secteurs-concernes_62737291.html\" target=\"_blank\" rel=\"noopener\">vigilance orange par M\u00e9t\u00e9o France<\/a> jusqu\u2019\u00e0 samedi matin. Plusieurs communes ont \u00e9t\u00e9 balay\u00e9es par des vents puissants, de la gr\u00eale et de fortes pluies.\u00a0<\/p>\n<p class=\" wall-content\">Des communes de la m\u00e9tropole de <a href=\"https:\/\/actu.fr\/auvergne-rhone-alpes\/lyon_69123\" target=\"_blank\" rel=\"noopener\">Lyon<\/a>, du Val de Sa\u00f4ne ou encore du nord du Rh\u00f4ne sont concern\u00e9s par ces ph\u00e9nom\u00e8nes m\u00e9t\u00e9o violents vendredi soir. Givors, au sud-ouest de Lyon a \u00e9t\u00e9 touch\u00e9 par d\u2019importantes pluies. Le secteur avait \u00e9t\u00e9 frapp\u00e9 par des <a href=\"https:\/\/actu.fr\/auvergne-rhone-alpes\/givors_69091\/inondations-pres-de-lyon-les-images-hallucinantes-du-carrefour-de-givors-sous-les-eaux_61749751.html\" target=\"_blank\" rel=\"noopener\">inondations majeures<\/a> en octobre dernier.<\/p>\n<p class=\" wall-content\">\n<p class=\" wall-content\">Mogneneins (Ain), \u00e0 la limite du Rh\u00f4ne dans le Val de Sa\u00f4ne pr\u00e8s du Beaujolais a \u00e9t\u00e9 touch\u00e9e par des inondations. L\u2019orage a provoqu\u00e9 des ruissellements dans des rues.<\/p>\n<p class=\" wall-content\">\n<p>De la gr\u00eale, des vents violents et de fortes pluies<\/p>\n<p class=\" wall-content\">Un d\u00e9luge avec des inondations a touch\u00e9 Saint-Cyr-au-Mont-d\u2019Or dans la m\u00e9tropole de Lyon dans la soir\u00e9e. La commune de Sathonay a \u00e9t\u00e9 touch\u00e9e \u00e9galement et un festival a \u00e9t\u00e9 secou\u00e9 par les vents violents.<\/p>\n<p class=\" wall-content\">A Francheville, c\u2019est un coup de vent puissant avec de la foudre qui a touch\u00e9 la commune du nord du d\u00e9partement.\u00a0<\/p>\n<p>Vid\u00e9os : en ce moment sur Actu<\/p>\n<p class=\" wall-content\">\n    <img   decoding=\"async\" loading=\"lazy\" src=\"https:\/\/www.europesays.com\/fr\/wp-content\/uploads\/2025\/06\/capture-decran-2025-06-06-a-231717-960x640.png\" alt=\"Un orage violent avec des vents touche Francheville dans le Rh\u00f4ne.\" width=\"960\" height=\"640\"\/><br \/>\n    Un orage violent avec des vents touche Francheville dans le Rh\u00f4ne. (\u00a9DR)<br \/>\n    <img   decoding=\"async\" loading=\"lazy\" src=\"https:\/\/www.europesays.com\/fr\/wp-content\/uploads\/2025\/06\/504002446-1240461600853128-6722633645413236711-n-960x640.jpg\" alt=\"Le festival de Sathonay dans la m\u00e9tropole de Lyon touch\u00e9 par des vents violents.\" width=\"960\" height=\"640\"\/><br \/>\n    Le festival de Sathonay dans la m\u00e9tropole de Lyon touch\u00e9 par des vents violents. (\u00a9DR)<\/p>\n<p class=\" wall-content\">La ville de Saint-Martin en Haut a \u00e9t\u00e9 concern\u00e9e par des chutes de gr\u00eale, de l\u2019ordre de 2 centim\u00e8tres.<\/p>\n<p class=\" wall-content\">Lyon a \u00e9t\u00e9 travers\u00e9e par un orage violent mais bref dans la soir\u00e9e vers 22h. La Ville avait anticip\u00e9 le ph\u00e9nom\u00e8ne en fermant les grands parcs dont la T\u00eate d\u2019or, des jardins et cimeti\u00e8re d\u00e8s 16h.<\/p>\n<p class=\" wall-content\">La vigilance orange pour orages violents doit s\u2019achever cette nuit \u00e0 3h, selon M\u00e9t\u00e9o France. La journ\u00e9e de samedi s\u2019annonce pluvieuse sur l\u2019ensemble du Rh\u00f4ne mais sans ph\u00e9nom\u00e8nes orageux.\u00a0<\/p>\n<p class=\" wall-content\">Suivez toute l\u2019actualit\u00e9 de vos villes et m\u00e9dias favoris en vous inscrivant \u00e0 <a href=\"https:\/\/moncompte.actu.fr\" title=\"D\u00e9couvez Mon Actu\" rel=\"nofollow noopener\" data-trk=\"{&quot;cta&quot;:{&quot;action&quot;:&quot;https:\\\/\\\/moncompte.actu.fr&quot;,&quot;category&quot;:&quot;mon compte&quot;,&quot;from&quot;:&quot;article footer&quot;,&quot;name&quot;:&quot;Mon actu&quot;,&quot;type&quot;:&quot;cta&quot;}}\" target=\"_blank\">Mon Actu<\/a>.<\/p>\n","protected":false},"excerpt":{"rendered":"Par R\u00e9daction Lyon Publi\u00e9 le 6 juin 2025 \u00e0 23h40 Le Rh\u00f4ne a \u00e9t\u00e9 balay\u00e9 par de violents&hellip;\n","protected":false},"author":2,"featured_media":157740,"comment_status":"","ping_status":"","sticky":false,"template":"","format":"standard","meta":{"footnotes":""},"categories":[1889],"tags":[1111,11,2430,1777,674,1011,27,2428,2487,2357,12,4594,25],"class_list":{"0":"post-157739","1":"post","2":"type-post","3":"status-publish","4":"format-standard","5":"has-post-thumbnail","7":"category-lyon","8":"tag-actu","9":"tag-actualites","10":"tag-auvergne-rhone-alpes","11":"tag-eu","12":"tag-europe","13":"tag-fr","14":"tag-france","15":"tag-lyon","16":"tag-meteo","17":"tag-meteo-france","18":"tag-news","19":"tag-orages","20":"tag-republique-francaise"},"share_on_mastodon":{"url":"https:\/\/pubeurope.com\/@fr\/114639148576254872","error":""},"_links":{"self":[{"href":"https:\/\/www.europesays.com\/fr\/wp-json\/wp\/v2\/posts\/157739","targetHints":{"allow":["GET"]}}],"collection":[{"href":"https:\/\/www.europesays.com\/fr\/wp-json\/wp\/v2\/posts"}],"about":[{"href":"https:\/\/www.europesays.com\/fr\/wp-json\/wp\/v2\/types\/post"}],"author":[{"embeddable":true,"href":"https:\/\/www.europesays.com\/fr\/wp-json\/wp\/v2\/users\/2"}],"replies":[{"embeddable":true,"href":"https:\/\/www.europesays.com\/fr\/wp-json\/wp\/v2\/comments?post=157739"}],"version-history":[{"count":0,"href":"https:\/\/www.europesays.com\/fr\/wp-json\/wp\/v2\/posts\/157739\/revisions"}],"wp:featuredmedia":[{"embeddable":true,"href":"https:\/\/www.europesays.com\/fr\/wp-json\/wp\/v2\/media\/157740"}],"wp:attachment":[{"href":"https:\/\/www.europesays.com\/fr\/wp-json\/wp\/v2\/media?parent=157739"}],"wp:term":[{"taxonomy":"category","embeddable":true,"href":"https:\/\/www.europesays.com\/fr\/wp-json\/wp\/v2\/categories?post=157739"},{"taxonomy":"post_tag","embeddable":true,"href":"https:\/\/www.europesays.com\/fr\/wp-json\/wp\/v2\/tags?post=157739"}],"curies":[{"name":"wp","href":"https:\/\/api.w.org\/{rel}","templated":true}]}}