{"id":157763,"date":"2025-06-07T00:13:13","date_gmt":"2025-06-07T00:13:13","guid":{"rendered":"https:\/\/www.europesays.com\/fr\/157763\/"},"modified":"2025-06-07T00:13:13","modified_gmt":"2025-06-07T00:13:13","slug":"crypto-leurope-se-prepare-a-reglementer-la-defi-en-2026-en-etoffant-mica","status":"publish","type":"post","link":"https:\/\/www.europesays.com\/fr\/157763\/","title":{"rendered":"Crypto : L\u2019Europe se pr\u00e9pare \u00e0 r\u00e9glementer la DeFi en 2026 en \u00e9toffant MiCA"},"content":{"rendered":"<p data-beyondwords-marker=\"0e59059a-2afe-4ecc-9ce4-dee254b8110d\" class=\"has-medium-font-size\">MiCA et apr\u00e8s ? La r\u00e9glementation MiCA (Markets in Crypto-Assets) est entr\u00e9e en vigueur le 30 d\u00e9cembre 2024 et elle vise principalement \u00e0 encadrer la crypto dans l\u2019Union europ\u00e9enne afin de prot\u00e9ger les investisseurs, d\u2019\u00e9viter les fraudes et de g\u00e9rer les r\u00e9serves des stablecoins. Mais alors que le texte est <a href=\"https:\/\/journalducoin.com\/actualites\/reglementation-mica-lacunes-freinent-innovation\/\" target=\"_blank\" rel=\"noreferrer noopener follow\" data-wpel-link=\"internal\" class=\"plausible-event-name=Liens+internes\"><strong>encore en cours d\u2019application<\/strong><\/a>, les r\u00e9gulateurs europ\u00e9ens pensent d\u00e9j\u00e0 \u00e0 la suite et se penchent sur la finance d\u00e9centralis\u00e9e (DeFi) qui reste pour le moment en dehors du cadre l\u00e9gal. <\/p>\n<p><strong style=\"font-size: 18px\">Les points cl\u00e9s de cet article :<\/strong><\/p>\n<ul style=\"font-size: 18px\">\n<li>La r\u00e9glementation MiCA a \u00e9t\u00e9 mise en place pour encadrer le march\u00e9 des crypto-actifs dans l\u2019Union europ\u00e9enne, mais la finance d\u00e9centralis\u00e9e reste hors de son cadre.<\/li>\n<p><\/p>\n<li>Les r\u00e9gulateurs europ\u00e9ens pr\u00e9voient des mises \u00e0 jour l\u00e9gislatives cibl\u00e9es plut\u00f4t qu\u2019une nouvelle r\u00e9glementation MiCA II, avec des r\u00e9visions r\u00e9guli\u00e8res pour combler les lacunes existantes.<\/li>\n<\/ul>\n<p>La DeFi reste en dehors du cadre l\u00e9gal de MiCA<\/p>\n<p data-beyondwords-marker=\"64b59b08-ea77-4d50-9adb-5f1683dcf89e\">Lors d\u2019une r\u00e9cente <a href=\"https:\/\/x.com\/Cointelegraph\/status\/1930244393832972744\" target=\"_blank\" rel=\"noreferrer noopener nofollow\" data-wpel-link=\"external\">intervention <\/a>dans le cadre de l\u2019\u00e9mission Chain Reaction X Spaces de Cointelegraph, <strong>Vyara Savova<\/strong>, responsable de la politique de la European Crypto Initiative (EUCI), a d\u00e9clar\u00e9 que les protocoles <a href=\"https:\/\/journalducoin.com\/lexique\/defi\/\" target=\"_blank\" rel=\"noreferrer noopener follow\" data-wpel-link=\"internal\" class=\"plausible-event-name=Liens+internes\">DeFi <\/a>restaient dans une sorte de <strong>flou juridique<\/strong> et qu\u2019il faudrait<a href=\"https:\/\/journalducoin.com\/actualites\/mica-regulation-crypto-esma-clarifie-situation-stablecoins-non-conformes-usdt\/\" target=\"_blank\" rel=\"noreferrer noopener follow\" data-wpel-link=\"internal\" class=\"plausible-event-name=Liens+internes\"> <\/a>s\u2019y int\u00e9resser rapidement<a href=\"https:\/\/journalducoin.com\/actualites\/mica-regulation-crypto-esma-clarifie-situation-stablecoins-non-conformes-usdt\/\" target=\"_blank\" rel=\"noreferrer noopener follow\" data-wpel-link=\"internal\" class=\"plausible-event-name=Liens+internes\">.<\/a><\/p>\n<p data-beyondwords-marker=\"06f6c6f6-d91c-4822-b88e-593d8519be90\">Elle a \u00e9galement pr\u00e9cis\u00e9 que la <strong>DeFi <\/strong>\u00e9tait <strong>\u00ab th\u00e9oriquement hors du champ d\u2019application de MiCA \u00bb<\/strong> et qu\u2019il faudrait donc d\u00e9finir ce que les l\u00e9gislateurs entendent par l\u00e0. Pour cela, les autorit\u00e9s europ\u00e9ennes devraient commencer \u00e0 travailler sur le sujet vers la<strong> mi-2026<\/strong>.<\/p>\n<p data-beyondwords-marker=\"4b486677-b097-4768-91ef-59d38dbecb51\">En effet, le cadre initial de <strong>MiCA <\/strong>a \u00e9t\u00e9 critiqu\u00e9 pour ses lacunes <a href=\"https:\/\/journalducoin.com\/actualites\/mica-hecatombe-catastrophique-75-acteurs-cryptos-ue-ne-survivront-pas\/\" target=\"_blank\" rel=\"noreferrer noopener follow\" data-wpel-link=\"internal\" class=\"plausible-event-name=Liens+internes\">concernant les protocoles d\u00e9centralis\u00e9s<\/a>, car il exigeait que les plateformes <strong>DeFi <\/strong>respectent les m\u00eames exigences de licence et de <a href=\"https:\/\/journalducoin.com\/lexique\/kyc\/\" data-wpel-link=\"internal\" target=\"_self\" rel=\"follow noopener noreferrer\" class=\"plausible-event-name=Liens+internes\">Know Your Customer<\/a> (KYC) que les entreprises financi\u00e8res traditionnelles. Or, un amendement au texte, le <strong>Consid\u00e9rant 22<\/strong>, stipule que les fournisseurs de services de cryptoactifs enti\u00e8rement d\u00e9centralis\u00e9s <strong>\u00ab ne devraient pas entrer dans le champ d\u2019application de ce r\u00e8glement \u00bb<\/strong>.<\/p>\n<p><img fetchpriority=\"high\" decoding=\"async\" width=\"588\" height=\"513\" alt=\"Lors d\u2019une r\u00e9cente intervention dans le cadre de l\u2019\u00e9mission Chain Reaction X Spaces de Cointelegraph, Vyara Savova, responsable de la politique de la European Crypto Initiative (EUCI), a d\u00e9clar\u00e9 que les protocoles DeFi restaient dans une sorte de flou juridique et qu\u2019il faudrait s\u2019y int\u00e9resser rapidement.\" class=\"wp-image-755228 lazyload\" style=\"width:618px;height:auto\" src=\"https:\/\/www.europesays.com\/fr\/wp-content\/uploads\/2025\/06\/MiCA-finance-decentralisee-Europe-crypto.png\" loading=\"lazy\"  data- data-eio-rwidth=\"588\" data-eio-rheight=\"513\"\/>La mise en oeuvre de MiCA en Europe pose toujours et d\u00e9clenche de vives discussions \u2013 Source : <a href=\"https:\/\/x.com\/Cointelegraph\/status\/1930244393832972744\" target=\"_blank\" rel=\"noreferrer noopener nofollow\" data-wpel-link=\"external\">Compte X<\/a><\/p>\n<p>Crypto : MiCA II ne devrait pas voir le jour<\/p>\n<p data-beyondwords-marker=\"12ba7b70-214f-4bce-a4ac-25be992bdefa\">Mais alors, faut-il s\u2019attendre \u00e0 un nouveau r\u00e8glement <strong>MiCA II<\/strong> pour combler ces lacunes ? Pas vraiment, selon <strong>Marina Markezic<\/strong>, directrice ex\u00e9cutive et cofondatrice de l\u2019EUCI, qui a d\u00e9clar\u00e9 que <strong>\u00ab\u00a0l\u2019\u00e9ventualit\u00e9 d\u2019un MiCA II n\u2019arrivera pas \u00bb<\/strong>. Elle a de plus ajout\u00e9 que <a href=\"https:\/\/journalducoin.com\/actualites\/mica-regulation-crypto-esma-clarifie-situation-stablecoins-non-conformes-usdt\/\" target=\"_blank\" rel=\"noreferrer noopener follow\" data-wpel-link=\"internal\" class=\"plausible-event-name=Liens+internes\">les discussions en cours sur les stablecoins<\/a> pourraient aboutir \u00e0 des<strong> mises \u00e0 jour l\u00e9gislatives<\/strong> cibl\u00e9es plut\u00f4t qu\u2019\u00e0 une suite compl\u00e8te de <strong>MiCA<\/strong>.<\/p>\n<p data-beyondwords-marker=\"26433325-1e49-4904-86f2-9d469809ab6f\">Il faut dire que les <strong>l\u00e9gislateurs europ\u00e9ens<\/strong> ont encore du pain sur la planche avec <a href=\"https:\/\/journalducoin.com\/bitcoin\/mica-2025-nouvelles-regles-transformeront-marche-europeen-crypto-actifs\/\" target=\"_blank\" rel=\"noreferrer noopener follow\" data-wpel-link=\"internal\" class=\"plausible-event-name=Liens+internes\">la mise en \u0153uvre finale de MiCA<\/a>, qui devrait \u00eatre r\u00e9vis\u00e9e tous les 12 \u00e0 18 mois pour combler les \u00e9ventuelles lacunes. L\u2019<strong>UE<\/strong> doit en plus encore adopter de nouvelles r\u00e8gles contre <strong>le blanchiment d\u2019argent<\/strong> (AML) qui restreignent l\u2019utilisation des<strong> jetons priv\u00e9s <\/strong>et des <strong>comptes cryptos anonymes<\/strong>. Ces dispositions devraient entrer en vigueur en 2027.<\/p>\n<p data-beyondwords-marker=\"a7022f03-dff8-42a9-82b3-06082ec2401d\" class=\"has-medium-font-size\">La r\u00e9glementation MiCA est donc loin d\u2019\u00eatre fig\u00e9e et devra s\u2019adapter aux \u00e9volutions rapides du secteur de la cryptomonnaie. La finance d\u00e9centralis\u00e9e, qui repr\u00e9sente une part croissante du march\u00e9, devra \u00e9galement trouver sa place dans ce cadre l\u00e9gal. Reste \u00e0 savoir comment les r\u00e9gulateurs europ\u00e9ens r\u00e9ussiront \u00e0 concilier innovation et protection des consommateurs sans freiner la comp\u00e9titivit\u00e9 du continent. Mais on ne vous cache pas que l\u2019on est un peu inquiet quand on voit <a href=\"https:\/\/journalducoin.com\/actualites\/union-europeenne-ue-hyper-surveillance-de-chaque-instant-transferts-cryptos\/\" target=\"_blank\" rel=\"noreferrer noopener follow\" data-wpel-link=\"internal\" class=\"plausible-event-name=Liens+internes\"><strong>la tournure des \u00e9v\u00e8nements sur le Vieux Continent. <\/strong><\/a><\/p>\n","protected":false},"excerpt":{"rendered":"MiCA et apr\u00e8s ? La r\u00e9glementation MiCA (Markets in Crypto-Assets) est entr\u00e9e en vigueur le 30 d\u00e9cembre 2024&hellip;\n","protected":false},"author":2,"featured_media":157764,"comment_status":"","ping_status":"","sticky":false,"template":"","format":"standard","meta":{"footnotes":""},"categories":[1586],"tags":[11,1777,674,28914,1011,27,28915,12,25],"class_list":{"0":"post-157763","1":"post","2":"type-post","3":"status-publish","4":"format-standard","5":"has-post-thumbnail","7":"category-europe","8":"tag-actualites","9":"tag-eu","10":"tag-europe","11":"tag-finance-decentralisee","12":"tag-fr","13":"tag-france","14":"tag-loi-mica","15":"tag-news","16":"tag-republique-francaise"},"share_on_mastodon":{"url":"https:\/\/pubeurope.com\/@fr\/114639195692506508","error":""},"_links":{"self":[{"href":"https:\/\/www.europesays.com\/fr\/wp-json\/wp\/v2\/posts\/157763","targetHints":{"allow":["GET"]}}],"collection":[{"href":"https:\/\/www.europesays.com\/fr\/wp-json\/wp\/v2\/posts"}],"about":[{"href":"https:\/\/www.europesays.com\/fr\/wp-json\/wp\/v2\/types\/post"}],"author":[{"embeddable":true,"href":"https:\/\/www.europesays.com\/fr\/wp-json\/wp\/v2\/users\/2"}],"replies":[{"embeddable":true,"href":"https:\/\/www.europesays.com\/fr\/wp-json\/wp\/v2\/comments?post=157763"}],"version-history":[{"count":0,"href":"https:\/\/www.europesays.com\/fr\/wp-json\/wp\/v2\/posts\/157763\/revisions"}],"wp:featuredmedia":[{"embeddable":true,"href":"https:\/\/www.europesays.com\/fr\/wp-json\/wp\/v2\/media\/157764"}],"wp:attachment":[{"href":"https:\/\/www.europesays.com\/fr\/wp-json\/wp\/v2\/media?parent=157763"}],"wp:term":[{"taxonomy":"category","embeddable":true,"href":"https:\/\/www.europesays.com\/fr\/wp-json\/wp\/v2\/categories?post=157763"},{"taxonomy":"post_tag","embeddable":true,"href":"https:\/\/www.europesays.com\/fr\/wp-json\/wp\/v2\/tags?post=157763"}],"curies":[{"name":"wp","href":"https:\/\/api.w.org\/{rel}","templated":true}]}}