{"id":157767,"date":"2025-06-07T00:15:12","date_gmt":"2025-06-07T00:15:12","guid":{"rendered":"https:\/\/www.europesays.com\/fr\/157767\/"},"modified":"2025-06-07T00:15:12","modified_gmt":"2025-06-07T00:15:12","slug":"coupe-du-monde-des-clubs-pourquoi-le-forfait-de-dembele-avec-les-bleus-est-un-gros-coup-dur-pour-le-psg","status":"publish","type":"post","link":"https:\/\/www.europesays.com\/fr\/157767\/","title":{"rendered":"Coupe du monde des clubs\u00a0: pourquoi le forfait de Demb\u00e9l\u00e9 avec les Bleus est un gros coup dur pour le PSG"},"content":{"rendered":"<p class=\"paragraph text_align_left\">L\u2019instance annonce la remise \u00e0 disposition du <a href=\"https:\/\/www.leparisien.fr\/sports\/football\/psg\/\" target=\"_blank\" rel=\"noreferrer nofollow noopener\">PSG<\/a> de <a href=\"https:\/\/www.leparisien.fr\/sports\/football\/equipe-de-france\/\" target=\"_blank\" rel=\"noreferrer nofollow noopener\">Bradley Barcola<\/a> et d\u2019<a href=\"https:\/\/www.leparisien.fr\/sports\/football\/ousmane-dembele\/\" target=\"_blank\" rel=\"noreferrer nofollow noopener\">Ousmane Demb\u00e9l\u00e9<\/a>. Ce dernier \u00ab a pass\u00e9 des examens m\u00e9dicaux ce vendredi 6 juin. <a href=\"https:\/\/www.leparisien.fr\/sports\/football\/equipe-de-france\/allemagne-france-coup-dur-pour-les-bleus-dembele-et-barcola-forfaits-06-06-2025-HPKIP73CGVCH3KKLX2GRULZFW4.php\" target=\"_blank\" rel=\"noreferrer nofollow noopener\">Ceux-ci ont r\u00e9v\u00e9l\u00e9 une l\u00e9sion<\/a>. De son c\u00f4t\u00e9, Bradley Barcola a \u00e9t\u00e9 touch\u00e9 au genou droit et n\u2019est pas en \u00e9tat de jouer ce dimanche 8 juin. \u00bb Les Bleus d\u00e9fient l\u2019Allemagne pour le compte de la troisi\u00e8me place de la Ligue des nations.<\/p>\n","protected":false},"excerpt":{"rendered":"L\u2019instance annonce la remise \u00e0 disposition du PSG de Bradley Barcola et d\u2019Ousmane Demb\u00e9l\u00e9. Ce dernier \u00ab a&hellip;\n","protected":false},"author":2,"featured_media":157768,"comment_status":"","ping_status":"","sticky":false,"template":"","format":"standard","meta":{"footnotes":""},"categories":[2],"tags":[11,7151,63,1011,27,12,25,60],"class_list":{"0":"post-157767","1":"post","2":"type-post","3":"status-publish","4":"format-standard","5":"has-post-thumbnail","7":"category-actualites","8":"tag-actualites","9":"tag-coupe-du-monde-des-clubs","10":"tag-football","11":"tag-fr","12":"tag-france","13":"tag-news","14":"tag-republique-francaise","15":"tag-sports"},"share_on_mastodon":{"url":"https:\/\/pubeurope.com\/@fr\/114639203464882968","error":""},"_links":{"self":[{"href":"https:\/\/www.europesays.com\/fr\/wp-json\/wp\/v2\/posts\/157767","targetHints":{"allow":["GET"]}}],"collection":[{"href":"https:\/\/www.europesays.com\/fr\/wp-json\/wp\/v2\/posts"}],"about":[{"href":"https:\/\/www.europesays.com\/fr\/wp-json\/wp\/v2\/types\/post"}],"author":[{"embeddable":true,"href":"https:\/\/www.europesays.com\/fr\/wp-json\/wp\/v2\/users\/2"}],"replies":[{"embeddable":true,"href":"https:\/\/www.europesays.com\/fr\/wp-json\/wp\/v2\/comments?post=157767"}],"version-history":[{"count":0,"href":"https:\/\/www.europesays.com\/fr\/wp-json\/wp\/v2\/posts\/157767\/revisions"}],"wp:featuredmedia":[{"embeddable":true,"href":"https:\/\/www.europesays.com\/fr\/wp-json\/wp\/v2\/media\/157768"}],"wp:attachment":[{"href":"https:\/\/www.europesays.com\/fr\/wp-json\/wp\/v2\/media?parent=157767"}],"wp:term":[{"taxonomy":"category","embeddable":true,"href":"https:\/\/www.europesays.com\/fr\/wp-json\/wp\/v2\/categories?post=157767"},{"taxonomy":"post_tag","embeddable":true,"href":"https:\/\/www.europesays.com\/fr\/wp-json\/wp\/v2\/tags?post=157767"}],"curies":[{"name":"wp","href":"https:\/\/api.w.org\/{rel}","templated":true}]}}