{"id":157779,"date":"2025-06-07T00:23:14","date_gmt":"2025-06-07T00:23:14","guid":{"rendered":"https:\/\/www.europesays.com\/fr\/157779\/"},"modified":"2025-06-07T00:23:14","modified_gmt":"2025-06-07T00:23:14","slug":"marc-marquez-demarre-fort-en-collant-1-seconde-a-tout-le-monde","status":"publish","type":"post","link":"https:\/\/www.europesays.com\/fr\/157779\/","title":{"rendered":"Marc M\u00e1rquez d\u00e9marre fort en collant 1 seconde \u00e0 tout le monde"},"content":{"rendered":"<p>C&rsquo;est sous un ciel d\u00e9gag\u00e9, avec d\u00e9j\u00e0 25\u00b0C dans l&rsquo;air et 38\u00b0C sur la piste, que d\u00e9butent les premiers essais libres du Grand Prix d&rsquo;Arag\u00f3n, huiti\u00e8me manche de la saison 2025 de MotoGP. Avec les forfaits de Jorge Mart\u00edn, bless\u00e9 depuis sa chute au Qatar, de Luca Marini, <a href=\"https:\/\/fr.motorsport.com\/motogp\/news\/luca-marini-serieusement-blesse-honda\/10727496\/\" target=\"_self\" rel=\"noopener nofollow\">victime de plusieurs fractures lors d&rsquo;une chute \u00e0 Suzuka<\/a>, et d&rsquo;Ai Ogura, qui avait pourtant fait le d\u00e9placement avec la ferme intention de rouler, ce sont 21 pilotes qui sont aux prises pour cette deuxi\u00e8me des quatre \u00e9preuves espagnoles de la campagne, puisque Lorenzo Savadori remplace Mart\u00edn et qu&rsquo;Augusto Fern\u00e1ndez est engag\u00e9 par Yamaha en wild-card.<\/p>\n<p>L&rsquo;\u00e9crasante majorit\u00e9 des concurrents d\u00e9marrait la s\u00e9ance avec un pneu tendre \u00e0 l&rsquo;avant \u2013 \u00e0 l&rsquo;exception des pilote Aprilia officiels, en durs \u2013 et tous utilisaient un medium \u00e0 l&rsquo;arri\u00e8re. Sous les yeux de l&rsquo;essayeur KTM et ancien rival Dani Pedrosa, pr\u00e9sent en bord de piste, c&rsquo;est Marc M\u00e1rquez, ici dans l&rsquo;un de ses jardins, qui frappait fort d&rsquo;entr\u00e9e en fixant une premi\u00e8re r\u00e9f\u00e9rence impressionnante au terme de son premier run, en 1&rsquo;47&Prime;665. Il devan\u00e7ait alors son fr\u00e8re\u00a0\u00c1lex M\u00e1rquez de 0&Prime;423 et son \u00e9quipier Pecco Bagnaia de 0&Prime;817.<\/p>\n<p>Lire aussi :<\/p>\n<p>Peu apr\u00e8s la mi-s\u00e9ance et un petit passage par les graviers de Joan Mir, Marc M\u00e1rquez abaissait encore la meilleure marque, toujours arm\u00e9 d&rsquo;un tendre (neuf) \u00e0 l&rsquo;avant et du medium utilis\u00e9 dans le premier run \u00e0 l&rsquo;arri\u00e8re, en 1&rsquo;47&Prime;205. Quelques minutes apr\u00e8s, le pilote Ducati allait passer sous la barre des 1&rsquo;47, signant un temps de 1&rsquo;46&Prime;974. La concurrence \u00e9tait alors repouss\u00e9e \u00e0 plus d&rsquo;une seconde, avec \u00c1lex \u00e0 1&Prime;114 et Mir \u00e0 1&Prime;319.<\/p>\n<p>Sur une piste de plus en plus chaude, le plus jeune des fr\u00e8res\u00a0M\u00e1rquez allait quelque peu r\u00e9duire l&rsquo;\u00e9cart dans les dix derni\u00e8res minutes de la s\u00e9ance, parvenant sur le fil \u00e0 passer tout juste sous la seconde d&rsquo;\u00e9cart, \u00e0 0&Prime;970. Maverick Vi\u00f1ales profitait d&rsquo;un pneu arri\u00e8re neuf pour hisser sa KTM Tech3 dans le top 3 provisoire, \u00e0 1&Prime;103 du leader, avant d&rsquo;\u00eatre pass\u00e9 par l&rsquo;Aprilia de Marco Bezzecchi (+1&Prime;021) et la Yamaha d&rsquo;\u00c1lex Rins (+1&Prime;024), eux aussi en medium neuf \u00e0 l&rsquo;arri\u00e8re.\u00a0<\/p>\n<p>Cot\u00e9 fran\u00e7ais, le d\u00e9but de GP a \u00e9t\u00e9 discret, Fabio Quartararo et Johann Zarco r\u00e9alisant exactement le m\u00eame temps pour figurer aux 11e et 12e rangs.<\/p>\n<p><img decoding=\"async\" class=\"ms-flag-img ms-flag-img_s2\" title=\"Spain\" src=\"https:\/\/www.europesays.com\/fr\/wp-content\/uploads\/2025\/06\/es-3.svg.svg+xml\" alt=\"Spain\" width=\"32\" loading=\"lazy\"\/>\u00a0GP d&rsquo;Arag\u00f3n MotoGP &#8211; Essais Libres 1<\/p>\n<p>Dans cet article<\/p>\n<p>Soyez le premier inform\u00e9 et souscrivez aux alertes mails pour recevoir les infos en temps r\u00e9el<\/p>\n<p>    S&rsquo;abonner aux alertes de news<\/p>\n","protected":false},"excerpt":{"rendered":"C&rsquo;est sous un ciel d\u00e9gag\u00e9, avec d\u00e9j\u00e0 25\u00b0C dans l&rsquo;air et 38\u00b0C sur la piste, que d\u00e9butent les&hellip;\n","protected":false},"author":2,"featured_media":157780,"comment_status":"","ping_status":"","sticky":false,"template":"","format":"standard","meta":{"footnotes":""},"categories":[1413],"tags":[1011,27,26452,1457,1456,1458,26453,60],"class_list":{"0":"post-157779","1":"post","2":"type-post","3":"status-publish","4":"format-standard","5":"has-post-thumbnail","7":"category-moto","8":"tag-fr","9":"tag-france","10":"tag-gp-daragu00f3n","11":"tag-moto","12":"tag-motocycle","13":"tag-motogp","14":"tag-motorland-aragu00f3n","15":"tag-sports"},"share_on_mastodon":{"url":"https:\/\/pubeurope.com\/@fr\/114639234882294314","error":""},"_links":{"self":[{"href":"https:\/\/www.europesays.com\/fr\/wp-json\/wp\/v2\/posts\/157779","targetHints":{"allow":["GET"]}}],"collection":[{"href":"https:\/\/www.europesays.com\/fr\/wp-json\/wp\/v2\/posts"}],"about":[{"href":"https:\/\/www.europesays.com\/fr\/wp-json\/wp\/v2\/types\/post"}],"author":[{"embeddable":true,"href":"https:\/\/www.europesays.com\/fr\/wp-json\/wp\/v2\/users\/2"}],"replies":[{"embeddable":true,"href":"https:\/\/www.europesays.com\/fr\/wp-json\/wp\/v2\/comments?post=157779"}],"version-history":[{"count":0,"href":"https:\/\/www.europesays.com\/fr\/wp-json\/wp\/v2\/posts\/157779\/revisions"}],"wp:featuredmedia":[{"embeddable":true,"href":"https:\/\/www.europesays.com\/fr\/wp-json\/wp\/v2\/media\/157780"}],"wp:attachment":[{"href":"https:\/\/www.europesays.com\/fr\/wp-json\/wp\/v2\/media?parent=157779"}],"wp:term":[{"taxonomy":"category","embeddable":true,"href":"https:\/\/www.europesays.com\/fr\/wp-json\/wp\/v2\/categories?post=157779"},{"taxonomy":"post_tag","embeddable":true,"href":"https:\/\/www.europesays.com\/fr\/wp-json\/wp\/v2\/tags?post=157779"}],"curies":[{"name":"wp","href":"https:\/\/api.w.org\/{rel}","templated":true}]}}