{"id":157791,"date":"2025-06-07T00:30:10","date_gmt":"2025-06-07T00:30:10","guid":{"rendered":"https:\/\/www.europesays.com\/fr\/157791\/"},"modified":"2025-06-07T00:30:10","modified_gmt":"2025-06-07T00:30:10","slug":"lea-salame-perturbee-par-une-question-danne-elisabeth-lemoine-elle-reste-sur-ses-gardes","status":"publish","type":"post","link":"https:\/\/www.europesays.com\/fr\/157791\/","title":{"rendered":"L\u00e9a Salam\u00e9 perturb\u00e9e par une question d&rsquo;Anne-Elisabeth Lemoine, elle reste sur ses gardes"},"content":{"rendered":"<p data-start=\"292\" data-end=\"835\">Vendredi 6 juin 2025,<br \/>\nC \u00e0 vous recevait <a href=\"https:\/\/www.closermag.fr\/people\/jai-ton-gout-lea-salame-fait-grimper-la-temperature-face-a-tayc-gene-palpable-3551703\" target=\"_blank\" rel=\"noopener\"><br \/>\nL\u00e9a Salam\u00e9<\/a> sur le plateau de France 5. Venue pour parler de son<br \/>\n\u00e9mission Quelle \u00e9poque !,<br \/>\nla journaliste a \u00e9t\u00e9 <strong>surprise par plusieurs remarques<br \/>\ninattendues<\/strong> d\u2019<a href=\"https:\/\/www.closermag.fr\/tv_tele_realite\/c_a_vous\/du-grabuge-a-c-a-vous-ces-mots-danne-elisabeth-lemoine-qui-repondent-aux-rumeurs-dambiance-deletere-3550586\" target=\"_blank\" rel=\"noopener\">Anne-Elisabeth<br \/>\nLemoine<\/a>. L\u2019animatrice s\u2019est lanc\u00e9e dans une <strong>anecdote<br \/>\nsur l\u2019origine<\/strong> du nom \u00ab\u00a0<strong>Salam\u00e9<\/strong>\u00ab\u00a0.<br \/>\nElle expliquait qu\u2019aucune ville ne portait ce nom en France, mais<br \/>\nqu\u2019une <strong>commune du nord du Cameroun le portait.<\/strong><\/p>\n<p data-start=\"837\" data-end=\"1260\">Pour encore plus d\u00e9tendre<br \/>\n<strong>l\u2019atmosph\u00e8re,<\/strong> l\u2019\u00e9quipe de l\u2019\u00e9mission a diffus\u00e9 un<br \/>\nextrait de <a href=\"https:\/\/www.closermag.fr\/tv_tele_realite\/ton-pere-cest-un-voleur-tres-en-forme-paul-de-saint-sernin-sen-prend-a-louis-sarkozy-3541980\" target=\"_blank\" rel=\"noopener\"><br \/>\nPaul de Saint Sernin<\/a>, chroniqueur de Quelle \u00e9poque !. Il r\u00e9pondait avec<br \/>\n<strong>humour \u00e0 une pique capillaire<\/strong> lanc\u00e9e par L\u00e9a<br \/>\nSalam\u00e9. \u201c<strong>Je la d\u00e9teste, je ne peux pas la blairer cette<br \/>\ndame.<\/strong> Quand est-ce que je vais chez le coiffeur ? Non,<br \/>\n<strong>je ne prendrai pas de conseil capillaire de ta<br \/>\npart<\/strong>.\u2019\u2019 dit-il. \u201c<strong>Il a raison<br \/>\n!<\/strong>\u2019\u2019 a aussit\u00f4t reconnu L\u00e9a Salam\u00e9.<\/p>\n<p>L\u00e9a Salam\u00e9 face \u00e0 une<br \/>\nquestion d\u2019Anne-Elisabeth Lemoine qui la d\u00e9stabilise<\/p>\n<p data-start=\"1322\" data-end=\"1889\">Mais le ton est redevenu plus<br \/>\n<strong>s\u00e9rieux<\/strong> lorsque l\u2019\u00e9quipe a \u00e9voqu\u00e9 les<br \/>\n<strong>r\u00e9centes pol\u00e9miques<\/strong> li\u00e9es \u00e0 certaines<br \/>\ninterventions de <strong>Paul de Saint Sernin<\/strong> sur<br \/>\nQuelle \u00e9poque !. L\u00e9a<br \/>\nSalam\u00e9 a tenu \u00e0 <strong>d\u00e9fendre<\/strong> son chroniqueur,<br \/>\n\u201c<strong>un sniper<\/strong>\u2019\u2019. \u201cJe ne <strong>sais<br \/>\njamais ce qu\u2019il va dire. Je d\u00e9couvre tout en direct, comme les<br \/>\nt\u00e9l\u00e9spectateurs<\/strong>.\u2019\u2019<\/p>\n<p>C\u2019est \u00e0 ce moment-l\u00e0 qu\u2019Anne-Elisabeth Lemoine lui a lanc\u00e9 une<br \/>\n<strong>question directe<\/strong> pour savoir s\u2019il allait rester<br \/>\npuis si c\u2019\u00e9tait \u00e9galement son cas. \u201c<strong>Et vous, vous serez<br \/>\nencore l\u00e0 l\u2019ann\u00e9e prochaine ?<\/strong>\u2019\u2019 Cette interrogation a<br \/>\nbri\u00e8vement <strong>d\u00e9stabilis\u00e9 L\u00e9a Salam\u00e9.<\/strong> Elle a r\u00e9agi<br \/>\navec un brin de <strong>m\u00e9fiance<\/strong>.<br \/>\n\u201c<strong>J\u2019esp\u00e8re\u2026Vous pensez que je suis vir\u00e9e<br \/>\n?<\/strong>\u2019\u2019 L\u2019ambiance est rest\u00e9e bon enfant. Mais l\u2019\u00e9change<br \/>\na r\u00e9v\u00e9l\u00e9 un <strong>certain flottement<\/strong>, comme si<br \/>\nl\u2019animatrice de Quelle \u00e9poque<br \/>\n! pr\u00e9f\u00e9rait <strong>rester sur ses gardes.<\/strong><\/p>\n<p>Un<br \/>\nmoment plus personnel et plein d\u2019\u00e9motion dans C \u00e0 vous<\/p>\n<p data-start=\"2419\" data-end=\"2860\">L\u2019\u00e9mission s\u2019est conclue sur<br \/>\nune s\u00e9quence plus <strong>intime<\/strong>. Anne-Elisabeth Lemoine a<br \/>\ndemand\u00e9 \u00e0 son invit\u00e9e ce qu\u2019elle dirait \u00e0 la \u201c<strong>petite<br \/>\nL\u00e9a Salam\u00e9\u2019<\/strong>\u2019 si elle pouvait lui parler aujourd\u2019hui.<br \/>\nVisiblement <strong>touch\u00e9e<\/strong>, la journaliste a r\u00e9pondu avec<br \/>\nsinc\u00e9rit\u00e9. \u201c<strong>Quand est-ce que tu vas apprendre \u00e0<br \/>\nsouffler et \u00e0 profiter ?<\/strong>\u2019\u2019<\/p>\n<p data-start=\"2862\" data-end=\"3247\">Ce moment de<br \/>\n<strong>vuln\u00e9rabilit\u00e9<\/strong> a donn\u00e9 un autre \u00e9clairage sur L\u00e9a<br \/>\nSalam\u00e9. Elle est souvent per\u00e7ue comme <strong>rigide ou tr\u00e8s<br \/>\nprofessionnelle<\/strong>. \u201cC\u2019est tout le temps, tout le temps,<br \/>\ntout le temps\u2026 <strong>\u00e0 quel moment on savoure ? On se pose ? On<br \/>\nrespire ?\u2019\u2019<\/strong><\/p>\n","protected":false},"excerpt":{"rendered":"Vendredi 6 juin 2025, C \u00e0 vous recevait L\u00e9a Salam\u00e9 sur le plateau de France 5. Venue pour&hellip;\n","protected":false},"author":2,"featured_media":157792,"comment_status":"","ping_status":"","sticky":false,"template":"","format":"standard","meta":{"footnotes":""},"categories":[1356],"tags":[5631,548,5632,58,59,1011,27,3806,252,1364],"class_list":{"0":"post-157791","1":"post","2":"type-post","3":"status-publish","4":"format-standard","5":"has-post-thumbnail","7":"category-television","8":"tag-anne-elisabeth-lemoine","9":"tag-article-simple","10":"tag-c-a-vous","11":"tag-divertissement","12":"tag-entertainment","13":"tag-fr","14":"tag-france","15":"tag-lea-salame","16":"tag-television","17":"tag-tv"},"share_on_mastodon":{"url":"https:\/\/pubeurope.com\/@fr\/114639262438702425","error":""},"_links":{"self":[{"href":"https:\/\/www.europesays.com\/fr\/wp-json\/wp\/v2\/posts\/157791","targetHints":{"allow":["GET"]}}],"collection":[{"href":"https:\/\/www.europesays.com\/fr\/wp-json\/wp\/v2\/posts"}],"about":[{"href":"https:\/\/www.europesays.com\/fr\/wp-json\/wp\/v2\/types\/post"}],"author":[{"embeddable":true,"href":"https:\/\/www.europesays.com\/fr\/wp-json\/wp\/v2\/users\/2"}],"replies":[{"embeddable":true,"href":"https:\/\/www.europesays.com\/fr\/wp-json\/wp\/v2\/comments?post=157791"}],"version-history":[{"count":0,"href":"https:\/\/www.europesays.com\/fr\/wp-json\/wp\/v2\/posts\/157791\/revisions"}],"wp:featuredmedia":[{"embeddable":true,"href":"https:\/\/www.europesays.com\/fr\/wp-json\/wp\/v2\/media\/157792"}],"wp:attachment":[{"href":"https:\/\/www.europesays.com\/fr\/wp-json\/wp\/v2\/media?parent=157791"}],"wp:term":[{"taxonomy":"category","embeddable":true,"href":"https:\/\/www.europesays.com\/fr\/wp-json\/wp\/v2\/categories?post=157791"},{"taxonomy":"post_tag","embeddable":true,"href":"https:\/\/www.europesays.com\/fr\/wp-json\/wp\/v2\/tags?post=157791"}],"curies":[{"name":"wp","href":"https:\/\/api.w.org\/{rel}","templated":true}]}}