{"id":157793,"date":"2025-06-07T00:31:11","date_gmt":"2025-06-07T00:31:11","guid":{"rendered":"https:\/\/www.europesays.com\/fr\/157793\/"},"modified":"2025-06-07T00:31:11","modified_gmt":"2025-06-07T00:31:11","slug":"madonna-revisite-ray-of-light-album-marquant-de-sa-carriere","status":"publish","type":"post","link":"https:\/\/www.europesays.com\/fr\/157793\/","title":{"rendered":"Madonna revisite \u00ab\u00a0Ray of Light\u00a0\u00bb, album marquant de sa carri\u00e8re"},"content":{"rendered":"<p class=\"ap-StoryElement ap-StoryElement--mb ap-StoryText\">\u00ab\u00a0La cr\u00e9ation de mon album Ray of Light a marqu\u00e9 un tournant dans ma vie d&rsquo;artiste. Je traversais une profonde m\u00e9tamorphose. [\u2026] Je me suis lanc\u00e9e dans la musique \u00e9lectronique avec William Orbit et je me suis cr\u00e9\u00e9 un alter ego, prenant l&rsquo;un de mes deuxi\u00e8mes pr\u00e9noms et Veronica Electronica est n\u00e9. Voici ma moiti\u00e9.\u00a0\u00bb<\/p>\n<p><img loading=\"lazy\" decoding=\"async\" class=\"w-full lazyload lazyload--opacity\" style=\"aspect-ratio:56.00000000000001 \/ 100;opacity:1\" alt=\"Le vendredi 6 juin 2025, Madonna a annonc\u00e9 sur les r\u00e9seaux sociaux, la sortie de &quot;Veronica Electronica&quot;, un EP initialement programm\u00e9 en 1998 mais annul\u00e9 suite au succ\u00e8s de l'albuml &quot;Ray of Light&quot;.\" width=\"768\" height=\"1381\" fetchpriority=\"auto\" src=\"https:\/\/www.europesays.com\/fr\/wp-content\/uploads\/2025\/04\/1743819792_235_S5VKD3X55FFF3BW6V4SEHXNP7I.png\"  data- data-optimumx=\"1\"\/>Le vendredi 6 juin 2025, Madonna a annonc\u00e9 sur les r\u00e9seaux sociaux, la sortie de \u00ab\u00a0Veronica Electronica\u00a0\u00bb, un EP initialement programm\u00e9 en 1998 mais annul\u00e9 suite au succ\u00e8s de l&rsquo;albuml \u00ab\u00a0Ray of Light\u00a0\u00bb. \u00a9Capture d&rsquo;\u00e9cran Instagram\u00a0\u00bbFrozen\u00a0\u00bb interdit \u00e0 la vente et \u00e0 la diffusion en Belgique<\/p>\n<p class=\"ap-StoryElement ap-StoryElement--mb ap-StoryText\">Ray of Light, c&rsquo;est aussi l&rsquo;affaire du plagiat autour du titre \u00ab\u00a0Frozen\u00a0\u00bb. Et elle nous touche, nous Belges, de pr\u00e8s. La chanson fait partie des tubes de la Madone. Elle en a vendu plus de 7 millions de copies. En tant que premier single avant-coureur de Ray of Light, il a annonc\u00e9 la r\u00e9volution musicale entam\u00e9e par la chanteuse \u00e0 la fin des ann\u00e9es 90.<\/p>\n<p><a href=\"https:\/\/www.dhnet.be\/dernieres-depeches\/2024\/05\/05\/madonna-enchante-rio-lors-dun-concert-historique-IRVT2MBWEFG5FNWP6SQ7IL3FAA\/\" target=\"_blank\" rel=\"noopener noreferrer\" class=\"ap-StoryInterstitialLink ap-StoryElement ap-StoryElement--mb\">Madonna met Rio \u00e0 ses pieds pour un concert \u00ab\u00a0historique\u00a0\u00bb<\/a><\/p>\n<p class=\"ap-StoryElement ap-StoryElement--mb ap-StoryText\">La surprise fut totale lorsqu&rsquo;en octobre 2005, un compositeur belge nomm\u00e9 Salvatore Acquaviva s&rsquo;est rendu au tribunal de Mons pour d\u00e9poser plainte contre Warner, EMI et Sony, les \u00e9diteurs musicaux du titre. Devant le tribunal, il s&rsquo;est efforc\u00e9 de d\u00e9montrer que quatre mesures de \u00ab\u00a0Frozen\u00a0\u00bb \u00e9taient si pas identiques, similaires \u00e0 une de ses compositions, \u00ab\u00a0Ma vie fout l&rsquo;camp\u00a0\u00bb. Or, il se fait qu&rsquo;\u00e0 la fin des ann\u00e9es 70, Madonna a s\u00e9journ\u00e9 en Belgique, \u00e0 Mouscron, alors qu&rsquo;elle \u00e9tait danseuse. Et elle avait \u00e9t\u00e9 approch\u00e9e par le producteur de Salvatore Acquaviva.<\/p>\n<p><a href=\"https:\/\/www.dhnet.be\/actu\/faits\/2005\/11\/19\/madonna-plagiaire-3IWVKBUNEVG4TCM5J4AJRX23ZM\/\" target=\"_blank\" rel=\"noopener noreferrer\" class=\"ap-StoryInterstitialLink ap-StoryElement ap-StoryElement--mb\">Madonna plagiaire!<\/a><\/p>\n<p class=\"ap-StoryElement ap-StoryElement--mb ap-StoryText\">Un premier jugement rendu le 18 novembre 2005 a conduit \u00e0 l&rsquo;interdiction de la vente et de la diffusion de \u00ab\u00a0Frozen\u00a0\u00bb en Belgique sous peine d&rsquo;astreinte. Au terme d&rsquo;une longue et <a href=\"https:\/\/www.dhnet.be\/medias\/musique\/2006\/12\/05\/proces-madonna-coup-de-theatre-2M2CSJCH3ZCAHH5C4AMZ4QIO4U\/\" target=\"_blank\" rel=\"noopener\">rocambolesque proc\u00e9dure<\/a>, <a href=\"https:\/\/www.dhnet.be\/medias\/musique\/2014\/02\/03\/madonna-na-pas-plagie-salvatore-acquaviva-pour-son-titre-frozen-I52BNOCX6NDCFLUMY4XQUGLUDM\/\" target=\"_blank\" rel=\"noopener\">Madonna sera finalement blanchie en 2014<\/a>, la cour estimant qu&rsquo;il n&rsquo;y a pas eu plagiat. La vente et la diffusion du titre en radio ont pu reprendre.<\/p>\n<p>Un EP annul\u00e9 \u00e0 cause du succ\u00e8s<\/p>\n<p class=\"ap-StoryElement ap-StoryElement--mb ap-StoryText\">Notez encore que le EP Veronica Electronica n&rsquo;est pas une nouveaut\u00e9 en tant que tel. Cet EP devait initialement accompagner la sortie de Ray of Light. Cependant, en raison du succ\u00e8s du disque, sa sortie avait \u00e9t\u00e9 annul\u00e9e.<\/p>\n","protected":false},"excerpt":{"rendered":"\u00ab\u00a0La cr\u00e9ation de mon album Ray of Light a marqu\u00e9 un tournant dans ma vie d&rsquo;artiste. Je traversais&hellip;\n","protected":false},"author":2,"featured_media":157794,"comment_status":"","ping_status":"","sticky":false,"template":"","format":"standard","meta":{"footnotes":""},"categories":[1355],"tags":[58,59,1011,27,27909,23653,1361,873],"class_list":{"0":"post-157793","1":"post","2":"type-post","3":"status-publish","4":"format-standard","5":"has-post-thumbnail","7":"category-musique","8":"tag-divertissement","9":"tag-entertainment","10":"tag-fr","11":"tag-france","12":"tag-mons","13":"tag-mouscron","14":"tag-music","15":"tag-musique"},"share_on_mastodon":{"url":"https:\/\/pubeurope.com\/@fr\/114639266471510433","error":""},"_links":{"self":[{"href":"https:\/\/www.europesays.com\/fr\/wp-json\/wp\/v2\/posts\/157793","targetHints":{"allow":["GET"]}}],"collection":[{"href":"https:\/\/www.europesays.com\/fr\/wp-json\/wp\/v2\/posts"}],"about":[{"href":"https:\/\/www.europesays.com\/fr\/wp-json\/wp\/v2\/types\/post"}],"author":[{"embeddable":true,"href":"https:\/\/www.europesays.com\/fr\/wp-json\/wp\/v2\/users\/2"}],"replies":[{"embeddable":true,"href":"https:\/\/www.europesays.com\/fr\/wp-json\/wp\/v2\/comments?post=157793"}],"version-history":[{"count":0,"href":"https:\/\/www.europesays.com\/fr\/wp-json\/wp\/v2\/posts\/157793\/revisions"}],"wp:featuredmedia":[{"embeddable":true,"href":"https:\/\/www.europesays.com\/fr\/wp-json\/wp\/v2\/media\/157794"}],"wp:attachment":[{"href":"https:\/\/www.europesays.com\/fr\/wp-json\/wp\/v2\/media?parent=157793"}],"wp:term":[{"taxonomy":"category","embeddable":true,"href":"https:\/\/www.europesays.com\/fr\/wp-json\/wp\/v2\/categories?post=157793"},{"taxonomy":"post_tag","embeddable":true,"href":"https:\/\/www.europesays.com\/fr\/wp-json\/wp\/v2\/tags?post=157793"}],"curies":[{"name":"wp","href":"https:\/\/api.w.org\/{rel}","templated":true}]}}