{"id":157801,"date":"2025-06-07T00:35:12","date_gmt":"2025-06-07T00:35:12","guid":{"rendered":"https:\/\/www.europesays.com\/fr\/157801\/"},"modified":"2025-06-07T00:35:12","modified_gmt":"2025-06-07T00:35:12","slug":"fabien-lecoeuvre-flingue-christophe-beaugrand-apres-son-cambriolage-il-etale-tout-sur-ses-reseaux","status":"publish","type":"post","link":"https:\/\/www.europesays.com\/fr\/157801\/","title":{"rendered":"Fabien Lecoeuvre flingue Christophe Beaugrand apr\u00e8s son cambriolage : \u00ab\u00a0Il \u00e9tale tout sur ses r\u00e9seaux !\u00a0\u00bb"},"content":{"rendered":"<p>      R\u00e9sum\u00e9<\/p>\n<p>Fabien Lecoeuvre critique Christophe Beaugrand pour son exposition familiale sur les r\u00e9seaux sociaux, qu&rsquo;il juge responsable du cambriolage subi par l&rsquo;animateur et sa famille.<\/p>\n<p>        Sommaire<\/p>\n<p>Le journaliste Fabien Lec\u0153uvre, <a href=\"https:\/\/www.public.fr\/interview-1h-avec-fabien-lecoeuvre-ma-drole-de-soiree-avec-britney-spears\" rel=\"nofollow noopener\" target=\"_blank\">sp\u00e9cialiste des chroniques people en tout genre<\/a> sur CNEWS, C8 et Europe 1, \u00e9tait autour de la table de <strong>Jean-Marc Morandini <\/strong>ce vendredi 6 juin dans On marche sur la t\u00eate. Le journaliste, \u00e9cart\u00e9 d&rsquo;Europe 1 en 2016 suite aux accusations de m\u0153urs qui l&rsquo;avaient cibl\u00e9, a fait son retour ce vendredi <strong>en devenant le joker de Cyril Hanouna<\/strong> tous les vendredis de juin.<\/p>\n<p>Pour cette occasion, Jean-Marc Morandini et Fabien Lec\u0153uvre sont revenus sur <strong>le cambriolage qu&rsquo;ont subi Christophe Beaugrand, son \u00e9poux Ghislain et leur fils Valentin<\/strong>. Mais pour l&rsquo;ex-comparse de Patrick S\u00e9bastien aux Ann\u00e9es bonheur, l&rsquo;animateur de TF1 et son \u00e9poux auraient quelque peu cherch\u00e9 <a href=\"https:\/\/vsd.fr\/81929-christophe-beaugrand-et-son-mari-victimes-dun-home-jacking-premier-temoignage-glacant-face-a-son-boss-bruce-toussaint\/\" rel=\"nofollow noopener\" target=\"_blank\">cette tentative de home-jacking<\/a>. Selon Fabien Lec\u0153uvre, Christophe Beaugrand se serait un peu trop expos\u00e9 sur ses r\u00e9seaux sociaux, et <strong>aurait bien trop \u00e9tal\u00e9 son train-train fastueux<\/strong>&#8230;<\/p>\n<p>Christophe Beaugrand et les autres stars s&rsquo;exposent-ils trop ?<\/p>\n<p>\u00ab\u00a0Que ce soit Vitaa, que ce soit Bruno Guillon, que ce soit toutes ces personnalit\u00e9s de la t\u00e9l\u00e9 ou m\u00eame les footballeurs,<strong> il y a quand m\u00eame un d\u00e9nominateur commun \u00e0 toutes ces agressions<\/strong> : c&rsquo;est les r\u00e9seaux sociaux\u00a0\u00bb a flingu\u00e9 Fabien Lecoeuvre. Pour le petit prot\u00e9g\u00e9 de Cyril Hanouna, qui <a href=\"https:\/\/www.public.fr\/tpmp-et-cyril-hanouna-sur-w9-la-liste-des-chroniqueurs-qui-restent-enfin-revelee\" rel=\"nofollow noopener\" target=\"_blank\">sera dans son \u00e9quipe de chroniqueurs<\/a> sur W9 \u00e0 la rentr\u00e9e, Christophe Beaugrand exposerait un peu trop son mari et leur enfant, et c&rsquo;est pour cette raison que les cambrioleurs se seraient int\u00e9ress\u00e9s \u00e0 lui !<\/p>\n<p>\u00ab\u00a0C&rsquo;est des personnalit\u00e9s publiques qui mettent beaucoup trop de choses \u00e0 mon go\u00fbt sur les r\u00e9seaux sociaux ; <strong>pour \u00e9taler leur vie de famille, leur bonheur quelque part, parce que \u00e7a fait r\u00eaver<\/strong>. Je pense qu&rsquo;aujourd&rsquo;hui, ces personnalit\u00e9s majeures sont victimes absolument de ces agressions barbares\u00a0\u00bb a tacl\u00e9 Fabien Lec\u0153uvre.<\/p>\n<p>Fabien Lec\u0153uvre persiste et signe<\/p>\n<p>Le journaliste <a href=\"https:\/\/vsd.fr\/28187-justice-jean-marc-morandini-sauve-par-un-vice-de-procedure\/\" rel=\"nofollow noopener\" target=\"_blank\">Jean-Marc Morandini<\/a> a tenu \u00e0 r\u00e9agir aux propos cassants de son chroniqueur, en lui rappelant que Christophe Beaugrand ne faisait que \u00ab\u00a0se montrer heureux\u00a0\u00bb avec sa famille, et ne montrait aucunement <strong>d&rsquo;objets de luxe comme des \u00ab\u00a0belles bagnoles ou des montres\u00a0\u00bb<\/strong>. Mais pour Fabien Lecoeuvre, les publications de l&rsquo;animateur de Secret Story auraient suffi \u00e0 mettre le feu aux poudres.<\/p>\n<p>\u00ab\u00a0Heureux avec une maison, une piscine\u2026 J&rsquo;ai regard\u00e9 tous les comptes de Christophe Beaugrand, avec qui je suis ami sur les r\u00e9seaux. On le voit poser avec son mari, avec <strong>l&rsquo;enfant toujours prot\u00e9g\u00e9 avec des yeux flout\u00e9s ou alors de dos<\/strong>. Ils \u00e9talent un certain confort dans la vie !\u00a0\u00bb balance l&rsquo;expert people&#8230; <\/p>\n<p>      Mentionn\u00e9s dans cet article<\/p>\n<p>\u00c0 lire aussi<\/p>\n","protected":false},"excerpt":{"rendered":"R\u00e9sum\u00e9 Fabien Lecoeuvre critique Christophe Beaugrand pour son exposition familiale sur les r\u00e9seaux sociaux, qu&rsquo;il juge responsable du&hellip;\n","protected":false},"author":2,"featured_media":157802,"comment_status":"","ping_status":"","sticky":false,"template":"","format":"standard","meta":{"footnotes":""},"categories":[8],"tags":[1431,1174,5410,12232,7257,58,59,1473,3719,1011,27,100,28917],"class_list":{"0":"post-157801","1":"post","2":"type-post","3":"status-publish","4":"format-standard","5":"has-post-thumbnail","7":"category-divertissement","8":"tag-blessure","9":"tag-cambriolage","10":"tag-christophe-beaugrand","11":"tag-clash","12":"tag-critique","13":"tag-divertissement","14":"tag-entertainment","15":"tag-europe-1","16":"tag-fabien-lecoeuvre","17":"tag-fr","18":"tag-france","19":"tag-hopital","20":"tag-jean-marc-morandini"},"share_on_mastodon":{"url":"https:\/\/pubeurope.com\/@fr\/114639282219058681","error":""},"_links":{"self":[{"href":"https:\/\/www.europesays.com\/fr\/wp-json\/wp\/v2\/posts\/157801","targetHints":{"allow":["GET"]}}],"collection":[{"href":"https:\/\/www.europesays.com\/fr\/wp-json\/wp\/v2\/posts"}],"about":[{"href":"https:\/\/www.europesays.com\/fr\/wp-json\/wp\/v2\/types\/post"}],"author":[{"embeddable":true,"href":"https:\/\/www.europesays.com\/fr\/wp-json\/wp\/v2\/users\/2"}],"replies":[{"embeddable":true,"href":"https:\/\/www.europesays.com\/fr\/wp-json\/wp\/v2\/comments?post=157801"}],"version-history":[{"count":0,"href":"https:\/\/www.europesays.com\/fr\/wp-json\/wp\/v2\/posts\/157801\/revisions"}],"wp:featuredmedia":[{"embeddable":true,"href":"https:\/\/www.europesays.com\/fr\/wp-json\/wp\/v2\/media\/157802"}],"wp:attachment":[{"href":"https:\/\/www.europesays.com\/fr\/wp-json\/wp\/v2\/media?parent=157801"}],"wp:term":[{"taxonomy":"category","embeddable":true,"href":"https:\/\/www.europesays.com\/fr\/wp-json\/wp\/v2\/categories?post=157801"},{"taxonomy":"post_tag","embeddable":true,"href":"https:\/\/www.europesays.com\/fr\/wp-json\/wp\/v2\/tags?post=157801"}],"curies":[{"name":"wp","href":"https:\/\/api.w.org\/{rel}","templated":true}]}}