{"id":157807,"date":"2025-06-07T00:38:10","date_gmt":"2025-06-07T00:38:10","guid":{"rendered":"https:\/\/www.europesays.com\/fr\/157807\/"},"modified":"2025-06-07T00:38:10","modified_gmt":"2025-06-07T00:38:10","slug":"ce-salvadorien-expulse-par-erreur-par-ladministration-trump-est-finalement-rentre-aux-etats-unis","status":"publish","type":"post","link":"https:\/\/www.europesays.com\/fr\/157807\/","title":{"rendered":"Ce Salvadorien expuls\u00e9 par \u00ab\u00a0erreur\u00a0\u00bb par l\u2019administration Trump est finalement rentr\u00e9 aux \u00c9tats-Unis"},"content":{"rendered":"<p>        <img decoding=\"async\" loading=\"lazy\" src=\"https:\/\/www.europesays.com\/fr\/wp-content\/uploads\/2025\/06\/eaae657_sirius-fs-upload-1-p4iqsvu7vudt-1744730456374-000-39xc8cp.jpg\"  width=\"728\" height=\"410\" alt=\"Kilmar Abrego Garcia, le Salvadorien expuls\u00e9 par \u00ab\u00a0erreur\u00a0\u00bb par l\u2019administration Trump, est finalement rentr\u00e9 aux \u00c9tats-Unis\"\/>  <\/p>\n<p>ALEX WONG \/ AFP<\/p>\n<p>Kilmar Abrego Garcia, le Salvadorien expuls\u00e9 par \u00ab\u00a0erreur\u00a0\u00bb par l\u2019administration Trump, est finalement rentr\u00e9 aux \u00c9tats-Unis<\/p>\n<p class=\"asset asset-text\">\u00c9TATS-UNIS &#8211; C\u2019est la fin d\u2019un feuilleton judiciaire a entach\u00e9 l\u2019administration <a href=\"https:\/\/www.huffingtonpost.fr\/international\/video\/comment-le-duo-donald-trump-elon-musk-a-explose-du-cadeau-special-a-la-bombe-vraiment-grosse_251033.html\" target=\"_blank\" rel=\"noopener\">Trump<\/a> au cours des derniers mois. <a href=\"https:\/\/www.huffingtonpost.fr\/international\/article\/ca-ressemblait-a-des-margaritas-l-elu-americain-qui-a-rencontre-le-salvadorien-expulse-a-tort-denonce-la-mise-en-scene_248995.html\" target=\"_blank\" rel=\"noopener\">Kilmar Abrego Garcia<\/a>, un immigr\u00e9 salvadorien que les autorit\u00e9s am\u00e9ricaines reconnaissaient avoir expuls\u00e9 \u00ab\u00a0par erreur\u00a0\u00bb, a \u00e9t\u00e9 reconduit aux \u00c9tats-Unis, a annonc\u00e9 ce vendredi la ministre am\u00e9ricaine de la Justice, Pam Bondi. \u00ab\u00a0Il a atterri aux \u00c9tats-Unis pour faire face \u00e0 la justice\u00a0\u00bb, a-t-elle d\u00e9clar\u00e9, indiquant que l\u2019homme de 29\u00a0ans devra r\u00e9pondre d\u2019accusations de \u00ab\u00a0trafic de migrants\u00a0\u00bb.<\/p>\n<p class=\"asset asset-text\">Cette d\u00e9cision, \u00ab\u00a0stup\u00e9fiante\u00a0\u00bb selon le <a href=\"https:\/\/www.nytimes.com\/2025\/06\/06\/us\/politics\/kilmar-abrego-garcia-us-criminal-charges.html?smid=url-share\" target=\"_blank\" rel=\"noopener\" title=\"Nouvelle fen\u00eatre\">New York Times<\/a>, met fin \u00e0 pr\u00e8s de trois mois de bataille entre la justice f\u00e9d\u00e9rale, dont la Cour supr\u00eame, et le gouvernement de Donald Trump, somm\u00e9 de ramener Kilmar Abrego Garcia, habitant du Maryland (dans l\u2019est du pays) et mari\u00e9 \u00e0 une Am\u00e9ricaine. Jusqu\u2019\u00e0 pr\u00e9sent, l\u2019administration du pr\u00e9sident r\u00e9publicain se disait dans l\u2019incapacit\u00e9 de le rapatrier.<\/p>\n<p class=\"asset asset-text\">D\u2019apr\u00e8s le quotidien new-yorkais, le retour de ce Salvadorien \u00e9tait \u00ab\u00a0pr\u00e9vu discr\u00e8tement depuis plusieurs semaines\u00a0\u00bb et pourrait \u00ab\u00a0offrir une porte de sortie\u00a0\u00bb aux trumpistes face aux demandes r\u00e9p\u00e9t\u00e9es de la justice.<\/p>\n<p>    Kilmar Abrego Garcia a \u00e9t\u00e9 d\u00e9tenu dans des conditions difficiles    <\/p>\n<p class=\"asset asset-text\">\u00ab\u00a0Nous voulons remercier le pr\u00e9sident [salvadorien Nayib] Bukele d\u2019avoir accept\u00e9 de le renvoyer\u00a0\u00bb, a affirm\u00e9 <a href=\"https:\/\/www.huffingtonpost.fr\/international\/article\/pam-bondi-nommee-par-donald-trump-pour-remplacer-matt-gaetz-au-ministere-de-la-justice_242584.html\" target=\"_blank\" rel=\"noopener\">Pam Bondi<\/a>, assurant que le gouvernement am\u00e9ricain \u00ab\u00a0a soumis un mandat d\u2019arr\u00eat au Salvador\u00a0\u00bb qui a ensuite \u00ab\u00a0accept\u00e9\u00a0\u00bb le retour de Kilmar Abrego Garcia aux \u00c9tats-Unis. Lors d\u2019une rencontre \u00e0 la Maison Blanche en avril, le pr\u00e9sident Donald Trump et son homologue salvadorien s\u2019\u00e9taient pourtant d\u00e9clar\u00e9s dans l\u2019incapacit\u00e9 de rem\u00e9dier \u00e0 cette situation.<\/p>\n<p class=\"asset asset-text\">Kilmar Abrego Garcia fait partie des plus de 250 hommes expuls\u00e9s le 15\u00a0mars vers le Salvador, la plupart pour appartenance pr\u00e9sum\u00e9e au gang v\u00e9n\u00e9zu\u00e9lien Tren de Aragua, d\u00e9clar\u00e9 organisation \u00ab\u00a0terroriste\u00a0\u00bb par Washington. Ils ont \u00e9t\u00e9 incarc\u00e9r\u00e9s dans une prison de haute s\u00e9curit\u00e9 connue pour la duret\u00e9 de ses conditions.<\/p>\n<p class=\"asset asset-text\">L\u2019administration Trump a ensuite reconnu en justice que la pr\u00e9sence parmi eux de Kilmar Abrego Garcia r\u00e9sultait d\u2019une \u00ab\u00a0erreur administrative\u00a0\u00bb, puisqu\u2019un arr\u00eat\u00e9 d\u2019expulsion \u00e0 son encontre avait \u00e9t\u00e9 d\u00e9finitivement annul\u00e9 en 2019. Elle l\u2019accuse en outre, malgr\u00e9 son absence de casier judiciaire, d\u2019appartenir au gang salvadorien MS-13, \u00e9galement class\u00e9 \u00ab\u00a0terroriste\u00a0\u00bb par les \u00c9tats-Unis en f\u00e9vrier.<\/p>\n<p class=\"asset asset-text\">Le s\u00e9nateur d\u00e9mocrate du Maryland, Chris Van Hollen, qui avait pu <a href=\"https:\/\/www.huffingtonpost.fr\/international\/article\/ce-senateur-americain-et-le-salvadorien-expulse-par-erreur-se-sont-finalement-rencontres-dans-un-cadre-inattendu_248953.html\" target=\"_blank\" rel=\"noopener\">le rencontrer bri\u00e8vement<\/a> en avril au Salvador, avait pr\u00e9cis\u00e9 qu\u2019il avait \u00e9t\u00e9 transf\u00e9r\u00e9 dans une autre prison aux conditions de d\u00e9tention moins rudes, mais toujours sans acc\u00e8s au monde ext\u00e9rieur ni contact avec sa famille.<\/p>\n","protected":false},"excerpt":{"rendered":"ALEX WONG \/ AFP Kilmar Abrego Garcia, le Salvadorien expuls\u00e9 par \u00ab\u00a0erreur\u00a0\u00bb par l\u2019administration Trump, est finalement rentr\u00e9&hellip;\n","protected":false},"author":2,"featured_media":157808,"comment_status":"","ping_status":"","sticky":false,"template":"","format":"standard","meta":{"footnotes":""},"categories":[5],"tags":[11,75,73,1011,27,14,12,2941,28],"class_list":{"0":"post-157807","1":"post","2":"type-post","3":"status-publish","4":"format-standard","5":"has-post-thumbnail","7":"category-international","8":"tag-actualites","9":"tag-donald-trump","10":"tag-etats-unis","11":"tag-fr","12":"tag-france","13":"tag-international","14":"tag-news","15":"tag-salvador","16":"tag-world"},"share_on_mastodon":{"url":"https:\/\/pubeurope.com\/@fr\/114639293995522176","error":""},"_links":{"self":[{"href":"https:\/\/www.europesays.com\/fr\/wp-json\/wp\/v2\/posts\/157807","targetHints":{"allow":["GET"]}}],"collection":[{"href":"https:\/\/www.europesays.com\/fr\/wp-json\/wp\/v2\/posts"}],"about":[{"href":"https:\/\/www.europesays.com\/fr\/wp-json\/wp\/v2\/types\/post"}],"author":[{"embeddable":true,"href":"https:\/\/www.europesays.com\/fr\/wp-json\/wp\/v2\/users\/2"}],"replies":[{"embeddable":true,"href":"https:\/\/www.europesays.com\/fr\/wp-json\/wp\/v2\/comments?post=157807"}],"version-history":[{"count":0,"href":"https:\/\/www.europesays.com\/fr\/wp-json\/wp\/v2\/posts\/157807\/revisions"}],"wp:featuredmedia":[{"embeddable":true,"href":"https:\/\/www.europesays.com\/fr\/wp-json\/wp\/v2\/media\/157808"}],"wp:attachment":[{"href":"https:\/\/www.europesays.com\/fr\/wp-json\/wp\/v2\/media?parent=157807"}],"wp:term":[{"taxonomy":"category","embeddable":true,"href":"https:\/\/www.europesays.com\/fr\/wp-json\/wp\/v2\/categories?post=157807"},{"taxonomy":"post_tag","embeddable":true,"href":"https:\/\/www.europesays.com\/fr\/wp-json\/wp\/v2\/tags?post=157807"}],"curies":[{"name":"wp","href":"https:\/\/api.w.org\/{rel}","templated":true}]}}