{"id":157813,"date":"2025-06-07T00:41:16","date_gmt":"2025-06-07T00:41:16","guid":{"rendered":"https:\/\/www.europesays.com\/fr\/157813\/"},"modified":"2025-06-07T00:41:16","modified_gmt":"2025-06-07T00:41:16","slug":"saint-etienne-hors-du-top-20","status":"publish","type":"post","link":"https:\/\/www.europesays.com\/fr\/157813\/","title":{"rendered":"Saint-\u00c9tienne hors du top 20"},"content":{"rendered":"<p><img decoding=\"async\" class=\"\" style=\"width:100%\" src=\"https:\/\/www.europesays.com\/fr\/wp-content\/uploads\/2025\/06\/IMG_36271726586478112.jpg\" alt=\"UJM CAMPUS TREFILERIE\"\/><\/p>\n<p>Une soir\u00e9e pour les \u00e9tudiants est organis\u00e9e \u00e0 la Com\u00e8te, le jeudi 19 septembre \u00e0 18 heures. <\/p>\n<p>Cr\u00e9dit : Activ radio <\/p>\n<p>Saint-\u00c9tienne n&rsquo;est pas dans le Top 20 du classement des meilleures villes \u00e9tudiants. Le magazine L\u2019Etudiant vient de d\u00e9voiler son traditionnel palmar\u00e8s ce vendredi. Concr\u00e8tement, 47 agglom\u00e9rations fran\u00e7aises (ndlr, qui accueillent au moins 8000 \u00e9tudiants) ont \u00e9t\u00e9 pass\u00e9es au crible. Parmi les crit\u00e8res pris en compte : l\u2019attractivit\u00e9, la formation, l\u2019emploi, le cadre de vie ou encore la vie \u00e9tudiante.<\/p>\n<p>C&rsquo;est Toulouse qui occupe la t\u00eate cette ann\u00e9e. Lyon pointe \u00e0 la 7e position. Et Saint-\u00c9tienne n\u2019est pas dans le Top 20. La capitale de la Loire se trouve dans la fourchette \u00ab\u00a020\/30\u00a0\u00bb, avec des villes comme Lille ou La Rochelle.<\/p>\n<p>Malgr\u00e9 tout, pr\u00e8s de 9 \u00e9tudiants sur 10 recommandent Saint-\u00c9tienne pour faire ses \u00e9tudes (87,10). On apprend aussi que 7,26% de la population st\u00e9phanoise est compos\u00e9e d&rsquo;\u00e9tudiants.<\/p>\n","protected":false},"excerpt":{"rendered":"Une soir\u00e9e pour les \u00e9tudiants est organis\u00e9e \u00e0 la Com\u00e8te, le jeudi 19 septembre \u00e0 18 heures. Cr\u00e9dit&hellip;\n","protected":false},"author":2,"featured_media":157814,"comment_status":"","ping_status":"","sticky":false,"template":"","format":"standard","meta":{"footnotes":""},"categories":[9653],"tags":[1111,11,1998,2430,1981,1777,674,1011,27,28838,2428,12,5077,25,4001],"class_list":{"0":"post-157813","1":"post","2":"type-post","3":"status-publish","4":"format-standard","5":"has-post-thumbnail","7":"category-saint-etienne","8":"tag-actu","9":"tag-actualites","10":"tag-aura","11":"tag-auvergne-rhone-alpes","12":"tag-classement","13":"tag-eu","14":"tag-europe","15":"tag-fr","16":"tag-france","17":"tag-letudiant","18":"tag-lyon","19":"tag-news","20":"tag-palmares","21":"tag-republique-francaise","22":"tag-saint-etienne"},"share_on_mastodon":{"url":"https:\/\/pubeurope.com\/@fr\/114639305776882776","error":""},"_links":{"self":[{"href":"https:\/\/www.europesays.com\/fr\/wp-json\/wp\/v2\/posts\/157813","targetHints":{"allow":["GET"]}}],"collection":[{"href":"https:\/\/www.europesays.com\/fr\/wp-json\/wp\/v2\/posts"}],"about":[{"href":"https:\/\/www.europesays.com\/fr\/wp-json\/wp\/v2\/types\/post"}],"author":[{"embeddable":true,"href":"https:\/\/www.europesays.com\/fr\/wp-json\/wp\/v2\/users\/2"}],"replies":[{"embeddable":true,"href":"https:\/\/www.europesays.com\/fr\/wp-json\/wp\/v2\/comments?post=157813"}],"version-history":[{"count":0,"href":"https:\/\/www.europesays.com\/fr\/wp-json\/wp\/v2\/posts\/157813\/revisions"}],"wp:featuredmedia":[{"embeddable":true,"href":"https:\/\/www.europesays.com\/fr\/wp-json\/wp\/v2\/media\/157814"}],"wp:attachment":[{"href":"https:\/\/www.europesays.com\/fr\/wp-json\/wp\/v2\/media?parent=157813"}],"wp:term":[{"taxonomy":"category","embeddable":true,"href":"https:\/\/www.europesays.com\/fr\/wp-json\/wp\/v2\/categories?post=157813"},{"taxonomy":"post_tag","embeddable":true,"href":"https:\/\/www.europesays.com\/fr\/wp-json\/wp\/v2\/tags?post=157813"}],"curies":[{"name":"wp","href":"https:\/\/api.w.org\/{rel}","templated":true}]}}