{"id":157836,"date":"2025-06-07T00:55:33","date_gmt":"2025-06-07T00:55:33","guid":{"rendered":"https:\/\/www.europesays.com\/fr\/157836\/"},"modified":"2025-06-07T00:55:33","modified_gmt":"2025-06-07T00:55:33","slug":"un-printemps-inegal-mais-prometteur-pour-les-hoteliers","status":"publish","type":"post","link":"https:\/\/www.europesays.com\/fr\/157836\/","title":{"rendered":"un printemps in\u00e9gal mais prometteur pour les h\u00f4teliers"},"content":{"rendered":"<p>Trois ponts en mai, associ\u00e9s \u00e0 une m\u00e9t\u00e9o cl\u00e9mente, et on se dit que le tourisme alsacien aborde la haute saison sur de bonnes bases. Les premiers retours sont plus nuanc\u00e9s. Pas de d\u00e9bat concernant le long week-end de l\u2019Ascension, favoris\u00e9 par la fermeture des \u00e9coles le vendredi. \u00ab\u00a0\u00c0 Colmar, j\u2019ai vu autant de monde qu\u2019au moment du march\u00e9 de No\u00ebl\u00a0\u00bb, t\u00e9moigne Jean-Jacques Better, patron de l\u2019h\u00f4tel-restaurant La Vall\u00e9e noble, \u00e0 Soultzmatt, et pr\u00e9sident de l\u2019Union des m\u00e9tiers et des industries de l\u2019h\u00f4tellerie (Umih) du Haut-Rhin. \u00ab\u00a0Le mois de mai a \u00e9t\u00e9 formidable pour certains h\u00f4teliers-restaurateurs, un peu moins pour d\u2019autres, selon leur situation et la m\u00e9t\u00e9o\u00a0\u00bb, ajoute cependant le repr\u00e9sentant de la profession.<\/p>\n<p>Le tourisme d\u2019affaires victime des ponts<\/p>\n<p>\u00ab\u00a0Le pont du 8\u00a0mai n\u2019a pas \u00e9t\u00e9 int\u00e9ressant, notamment parce que nos voisins imm\u00e9diats ne sont pas concern\u00e9s par ce jour f\u00e9ri\u00e9\u00a0\u00bb, note&#8230;<\/p>\n","protected":false},"excerpt":{"rendered":"Trois ponts en mai, associ\u00e9s \u00e0 une m\u00e9t\u00e9o cl\u00e9mente, et on se dit que le tourisme alsacien aborde&hellip;\n","protected":false},"author":2,"featured_media":157837,"comment_status":"","ping_status":"","sticky":false,"template":"","format":"standard","meta":{"footnotes":""},"categories":[2820],"tags":[1111,11,2389,33,1777,674,107,1011,27,775,12,25,640,602],"class_list":{"0":"post-157836","1":"post","2":"type-post","3":"status-publish","4":"format-standard","5":"has-post-thumbnail","7":"category-strasbourg","8":"tag-actu","9":"tag-actualites","10":"tag-alsace","11":"tag-economie","12":"tag-eu","13":"tag-europe","14":"tag-fil-info","15":"tag-fr","16":"tag-france","17":"tag-grand-est","18":"tag-news","19":"tag-republique-francaise","20":"tag-strasbourg","21":"tag-tourisme"},"share_on_mastodon":{"url":"https:\/\/pubeurope.com\/@fr\/114639360843845512","error":""},"_links":{"self":[{"href":"https:\/\/www.europesays.com\/fr\/wp-json\/wp\/v2\/posts\/157836","targetHints":{"allow":["GET"]}}],"collection":[{"href":"https:\/\/www.europesays.com\/fr\/wp-json\/wp\/v2\/posts"}],"about":[{"href":"https:\/\/www.europesays.com\/fr\/wp-json\/wp\/v2\/types\/post"}],"author":[{"embeddable":true,"href":"https:\/\/www.europesays.com\/fr\/wp-json\/wp\/v2\/users\/2"}],"replies":[{"embeddable":true,"href":"https:\/\/www.europesays.com\/fr\/wp-json\/wp\/v2\/comments?post=157836"}],"version-history":[{"count":0,"href":"https:\/\/www.europesays.com\/fr\/wp-json\/wp\/v2\/posts\/157836\/revisions"}],"wp:featuredmedia":[{"embeddable":true,"href":"https:\/\/www.europesays.com\/fr\/wp-json\/wp\/v2\/media\/157837"}],"wp:attachment":[{"href":"https:\/\/www.europesays.com\/fr\/wp-json\/wp\/v2\/media?parent=157836"}],"wp:term":[{"taxonomy":"category","embeddable":true,"href":"https:\/\/www.europesays.com\/fr\/wp-json\/wp\/v2\/categories?post=157836"},{"taxonomy":"post_tag","embeddable":true,"href":"https:\/\/www.europesays.com\/fr\/wp-json\/wp\/v2\/tags?post=157836"}],"curies":[{"name":"wp","href":"https:\/\/api.w.org\/{rel}","templated":true}]}}