{"id":157838,"date":"2025-06-07T00:56:21","date_gmt":"2025-06-07T00:56:21","guid":{"rendered":"https:\/\/www.europesays.com\/fr\/157838\/"},"modified":"2025-06-07T00:56:21","modified_gmt":"2025-06-07T00:56:21","slug":"la-maison-sport-sante-sengage-pour-la-sante-mentale","status":"publish","type":"post","link":"https:\/\/www.europesays.com\/fr\/157838\/","title":{"rendered":"La Maison sport sant\u00e9 s\u2019engage pour la sant\u00e9 mentale"},"content":{"rendered":"<p class=\"st-surtitre\">\n            La Maison sport sant\u00e9 de Strasbourg a organis\u00e9 une journ\u00e9e d\u00e9di\u00e9e \u00e0 cette grande cause nationale 2025. Elle a pr\u00e9sent\u00e9 les actions men\u00e9es afin de lutter contre les maladies psychiques.\n        <\/p>\n<p><img loading=\"lazy\" decoding=\"async\" alt=\"\" data-fileentryid=\"537211966\" height=\"400\" src=\"https:\/\/www.europesays.com\/fr\/wp-content\/uploads\/2025\/06\/mssmentale_interieur-1-jpg.jpeg\" style=\"margin:10px; float:left\" width=\"600\"\/>\u00a0<br \/>\u201cDepuis deux ans, la sant\u00e9 mentale est le top 1 des pathologies\u201d, d\u00e9voile Matthieu Jung, responsable du p\u00f4le accompagnement de la <a href=\"https:\/\/www.maisonsportsantestrasbourg.fr\/\" target=\"_blank\" rel=\"noopener\">Maison sport sant\u00e9 de Strasbourg<\/a>. Elev\u00e9e au rang de grande cause nationale pour 2025, la th\u00e9matique a fait l\u2019objet d\u2019une journ\u00e9e d\u00e9di\u00e9e au sein de l\u2019\u00e9tablissement du boulevard de la Victoire. Des associations, parmi lesquelles Maman blues qui soutient les m\u00e8res rencontrant des difficult\u00e9s autour de la maternit\u00e9, \u00e9taient pr\u00e9sentes sur place pour pr\u00e9senter leurs actions dans ce domaine. Autre exemple, l\u2019association TCAk\u00e9so qui vient en aide aux personnes souffrant de troubles alimentaires. \u201cTCA, c\u2019est pour troubles du comportement alimentaire et Ak\u00e9so, c\u2019est pour la d\u00e9esse grecque de la gu\u00e9rison\u201d, explique Jade, une b\u00e9n\u00e9vole. L\u2019association constitu\u00e9e, comme Maman blues, de pair-aidants (des personnes ayant elles-m\u00eames \u00e9t\u00e9 confront\u00e9es aux difficult\u00e9s dont elles parlent) propose des ateliers \u00e0 la Maison sport sant\u00e9 comme la boxe sans impact.<\/p>\n<p>Dans la peau d\u2019un patient<\/p>\n<p>Des fiches t\u00e9moins mettant en sc\u00e8ne des patients fictifs sont mises \u00e0 la disposition des visiteurs. Elles proposent de se glisser dans la peau de Mehdi, souffrant de schizophr\u00e9nie, ou de Camille, en burn-out, et de suivre leur parcours dans la Maison. Le docteur Alexandre Feltz, adjoint au maire en charge de la sant\u00e9 publique, rappelle que ces patients ne sont pas des cas isol\u00e9s\u00a0: \u201c20 \u00e0 25 % de la population est atteinte de troubles de sant\u00e9 mentale.\u201d Les patients sont dirig\u00e9s vers la Maison sport sant\u00e9 par un m\u00e9decin dans le cadre du dispositif sport-sant\u00e9 sur ordonnance. Un bilan personnel est r\u00e9alis\u00e9 afin de d\u00e9finir leurs besoins et de choisir l\u2019activit\u00e9 physique la plus adapt\u00e9e. Les groupes d\u2019activit\u00e9 sportive cr\u00e9\u00e9s par la suite sont mixtes\u00a0: certains patients souffrent de troubles mentaux, d\u2019autres d\u2019affections physiques. Jean-Marie Danion, psychiatre, insiste\u00a0: \u201cLe sport est b\u00e9n\u00e9fique sur les troubles mentaux l\u00e9gers comme graves. Il permet de gagner en autonomie, en ind\u00e9pendance et d\u2019am\u00e9liorer la sant\u00e9 physique\u201d. Ce professeur \u00e9m\u00e9rite de psychiatrie \u00e0 l\u2019Universit\u00e9 de Strasbourg sera pr\u00e9sident d\u2019honneur de la <a href=\"https:\/\/www.strasbourg.eu\/-\/la-maison-sante-mentale-precise-son-projet\" target=\"_blank\" rel=\"noopener\">maison de la sant\u00e9 mentale<\/a> qui ouvrira ses portes en juillet rue des Bonnes-Gens.<br \/>Jeanne-Esther Eichenlaub<br \/>Photos J\u00e9r\u00f4me Dorkel<\/p>\n","protected":false},"excerpt":{"rendered":"La Maison sport sant\u00e9 de Strasbourg a organis\u00e9 une journ\u00e9e d\u00e9di\u00e9e \u00e0 cette grande cause nationale 2025. Elle&hellip;\n","protected":false},"author":2,"featured_media":157839,"comment_status":"","ping_status":"","sticky":false,"template":"","format":"standard","meta":{"footnotes":""},"categories":[2820],"tags":[1111,11,1777,674,1011,27,775,12,25,71,3400,517,640],"class_list":{"0":"post-157838","1":"post","2":"type-post","3":"status-publish","4":"format-standard","5":"has-post-thumbnail","7":"category-strasbourg","8":"tag-actu","9":"tag-actualites","10":"tag-eu","11":"tag-europe","12":"tag-fr","13":"tag-france","14":"tag-grand-est","15":"tag-news","16":"tag-republique-francaise","17":"tag-sante","18":"tag-solidarite","19":"tag-sport","20":"tag-strasbourg"},"share_on_mastodon":{"url":"https:\/\/pubeurope.com\/@fr\/114639364651458726","error":""},"_links":{"self":[{"href":"https:\/\/www.europesays.com\/fr\/wp-json\/wp\/v2\/posts\/157838","targetHints":{"allow":["GET"]}}],"collection":[{"href":"https:\/\/www.europesays.com\/fr\/wp-json\/wp\/v2\/posts"}],"about":[{"href":"https:\/\/www.europesays.com\/fr\/wp-json\/wp\/v2\/types\/post"}],"author":[{"embeddable":true,"href":"https:\/\/www.europesays.com\/fr\/wp-json\/wp\/v2\/users\/2"}],"replies":[{"embeddable":true,"href":"https:\/\/www.europesays.com\/fr\/wp-json\/wp\/v2\/comments?post=157838"}],"version-history":[{"count":0,"href":"https:\/\/www.europesays.com\/fr\/wp-json\/wp\/v2\/posts\/157838\/revisions"}],"wp:featuredmedia":[{"embeddable":true,"href":"https:\/\/www.europesays.com\/fr\/wp-json\/wp\/v2\/media\/157839"}],"wp:attachment":[{"href":"https:\/\/www.europesays.com\/fr\/wp-json\/wp\/v2\/media?parent=157838"}],"wp:term":[{"taxonomy":"category","embeddable":true,"href":"https:\/\/www.europesays.com\/fr\/wp-json\/wp\/v2\/categories?post=157838"},{"taxonomy":"post_tag","embeddable":true,"href":"https:\/\/www.europesays.com\/fr\/wp-json\/wp\/v2\/tags?post=157838"}],"curies":[{"name":"wp","href":"https:\/\/api.w.org\/{rel}","templated":true}]}}