{"id":157859,"date":"2025-06-07T01:09:11","date_gmt":"2025-06-07T01:09:11","guid":{"rendered":"https:\/\/www.europesays.com\/fr\/157859\/"},"modified":"2025-06-07T01:09:11","modified_gmt":"2025-06-07T01:09:11","slug":"la-ville-de-marseille-rend-le-31-mai-ferie-en-hommage-aux-evenements-tragiques-de-2025","status":"publish","type":"post","link":"https:\/\/www.europesays.com\/fr\/157859\/","title":{"rendered":"La ville de Marseille rend le 31 mai f\u00e9ri\u00e9 en hommage aux \u00e9v\u00e9nements tragiques de 2025"},"content":{"rendered":"<p>\u201cC\u2019est un traumatisme collectif que nous traversons. Nos enfants ne m\u00e9ritaient pas \u00e7a\u201d. C\u2019est la gorge serr\u00e9e et les yeux noy\u00e9s de larmes que le maire de Marseille a conclu la conf\u00e9rence de presse annon\u00e7ant que le 31 mai serait d\u00e9sormais f\u00e9ri\u00e9, suite \u00e0 la dramatique victoire du PSG en finale de Ligue des Champions.<\/p>\n<p>Chaque ann\u00e9e, une c\u00e9r\u00e9monie officielle viendra comm\u00e9morer la m\u00e9moire des Marseillais. Elle d\u00e9butera par une minute de hu\u00e9e pendant lesquelles les supporters inviteront chaleureusement leurs homologues parisiens \u00e0 d\u00e9couvrir les joies du co\u00eft anal avec un membre de leur famille. Le cort\u00e8ge ira ensuite d\u00e9poser une gerbe sur la statue de Saint Bernard Tapie, \u00e9rig\u00e9e sp\u00e9cialement pour l\u2019occasion.<\/p>\n<p>Pour l\u2019heure, une cellule psychologique a \u00e9t\u00e9 ouverte afin de prendre en charge les supporters les plus s\u00e9v\u00e8rement affect\u00e9s. \u201cDepuis samedi, l\u2019affluence ne faiblit pas, on observe des troubles de chocs post-traumatique, avec des gens qui r\u00e9p\u00e8tent \u201c\u00e0 jamais les premiers\u201d en boucle, le regard perdu dans le vide\u201d, commente un psychologue visiblement pr\u00e9occup\u00e9.<\/p>\n<p>Si l\u2019ambiance est encore au recueillement au sein de la cit\u00e9 phoc\u00e9enne, les dirigeants du club ont promis de faire oublier ce sinistre \u00e9pisode aux supporters, en leur assurant de d\u00e9passer le troisi\u00e8me tour pr\u00e9liminaire lors de la prochaine Ligue des Champions.<\/p>\n","protected":false},"excerpt":{"rendered":"\u201cC\u2019est un traumatisme collectif que nous traversons. Nos enfants ne m\u00e9ritaient pas \u00e7a\u201d. C\u2019est la gorge serr\u00e9e et&hellip;\n","protected":false},"author":2,"featured_media":157860,"comment_status":"","ping_status":"","sticky":false,"template":"","format":"standard","meta":{"footnotes":""},"categories":[2814],"tags":[1111,11,1777,674,11615,1011,27,884,12,882,25,60],"class_list":{"0":"post-157859","1":"post","2":"type-post","3":"status-publish","4":"format-standard","5":"has-post-thumbnail","7":"category-marseille","8":"tag-actu","9":"tag-actualites","10":"tag-eu","11":"tag-europe","12":"tag-featured","13":"tag-fr","14":"tag-france","15":"tag-marseille","16":"tag-news","17":"tag-provence-alpes-cote-dazur","18":"tag-republique-francaise","19":"tag-sports"},"share_on_mastodon":{"url":"https:\/\/pubeurope.com\/@fr\/114639415776627866","error":""},"_links":{"self":[{"href":"https:\/\/www.europesays.com\/fr\/wp-json\/wp\/v2\/posts\/157859","targetHints":{"allow":["GET"]}}],"collection":[{"href":"https:\/\/www.europesays.com\/fr\/wp-json\/wp\/v2\/posts"}],"about":[{"href":"https:\/\/www.europesays.com\/fr\/wp-json\/wp\/v2\/types\/post"}],"author":[{"embeddable":true,"href":"https:\/\/www.europesays.com\/fr\/wp-json\/wp\/v2\/users\/2"}],"replies":[{"embeddable":true,"href":"https:\/\/www.europesays.com\/fr\/wp-json\/wp\/v2\/comments?post=157859"}],"version-history":[{"count":0,"href":"https:\/\/www.europesays.com\/fr\/wp-json\/wp\/v2\/posts\/157859\/revisions"}],"wp:featuredmedia":[{"embeddable":true,"href":"https:\/\/www.europesays.com\/fr\/wp-json\/wp\/v2\/media\/157860"}],"wp:attachment":[{"href":"https:\/\/www.europesays.com\/fr\/wp-json\/wp\/v2\/media?parent=157859"}],"wp:term":[{"taxonomy":"category","embeddable":true,"href":"https:\/\/www.europesays.com\/fr\/wp-json\/wp\/v2\/categories?post=157859"},{"taxonomy":"post_tag","embeddable":true,"href":"https:\/\/www.europesays.com\/fr\/wp-json\/wp\/v2\/tags?post=157859"}],"curies":[{"name":"wp","href":"https:\/\/api.w.org\/{rel}","templated":true}]}}