{"id":157861,"date":"2025-06-07T01:10:15","date_gmt":"2025-06-07T01:10:15","guid":{"rendered":"https:\/\/www.europesays.com\/fr\/157861\/"},"modified":"2025-06-07T01:10:15","modified_gmt":"2025-06-07T01:10:15","slug":"la-fermeture-de-la7-prevue-ce-week-end-annulee-au-dernier-moment-voici-pourquoi","status":"publish","type":"post","link":"https:\/\/www.europesays.com\/fr\/157861\/","title":{"rendered":"la fermeture de l&rsquo;A7 pr\u00e9vue ce week-end annul\u00e9e au dernier moment, voici pourquoi"},"content":{"rendered":"<p>            Par<br \/>\n        <strong><br \/>\n            <a href=\"https:\/\/actu.fr\/auteur\/ludivine-caporal\" title=\"Consulter tous les articles de Ludivine Caporal\" rel=\"nofollow noopener\" target=\"_blank\">Ludivine Caporal<\/a><br \/>\n        <\/strong><\/p>\n<p>        Publi\u00e9 le<\/p>\n<p>            6 juin 2025 \u00e0 17h53        <\/p>\n<p>La circulation sera sans doute plus fluide sur <a href=\"https:\/\/actu.fr\/tag\/autoroute-7-a7\" rel=\"nofollow noopener\" target=\"_blank\">l\u2019autoroute A7<\/a> ce week-end de Pentec\u00f4te.<\/p>\n<p class=\" wall-content\">Alors qu\u2019une coupure compl\u00e8te de la circulation sur les viaducs de <a href=\"https:\/\/actu.fr\/auvergne-rhone-alpes\/oullins-pierre-benite_69149\" rel=\"nofollow noopener\" target=\"_blank\">Pierre-B\u00e9nite<\/a> devait avoir lieu <strong>dans le sens Marseille\/Lyon<\/strong> en raison de travaux d\u00e8s ce vendredi 6 juin \u00e0 21h et jusqu\u2019\u00e0 lundi 9 juin \u00e0 12h, celle-ci n\u2019aura finalement pas lieu.<\/p>\n<p class=\" wall-content\">La pr\u00e9fecture du <a href=\"https:\/\/actu.fr\/auvergne-rhone-alpes\/rhone_69\" rel=\"nofollow noopener\" target=\"_blank\">Rh\u00f4ne<\/a> indique que celle-ci est en effet annul\u00e9e \u00ab\u00a0compte tenu de la m\u00e9t\u00e9o annonc\u00e9e et de l\u2019avancement des travaux lors des coupures pr\u00e9c\u00e9dentes.\u00a0\u00bb<\/p>\n<p>Des travaux de r\u00e9paration\u00a0<\/p>\n<p class=\" wall-content\">Pour rappel, la Direction interd\u00e9partementale des Routes Centre-Est r\u00e9alise des travaux de r\u00e9paration sur les viaducs de Pierre-B\u00e9nite, ouvrages permettant \u00e0 l\u2019A7 de franchir le Rh\u00f4ne entre les deux \u00e9changeurs A450 \u2013 A7 et A7 \u2013 p\u00e9riph\u00e9rique dans les communes de Pierre-B\u00e9nite et de <a href=\"https:\/\/actu.fr\/auvergne-rhone-alpes\/saint-fons_69199\" rel=\"nofollow noopener\" target=\"_blank\">Saint-Fons<\/a>.<\/p>\n<p class=\" wall-content\">\u00ab\u00a0Pour limiter la g\u00eane \u00e0 l\u2019usager, les travaux r\u00e9siduels seront r\u00e9alis\u00e9s pendant les coupures de nuit <strong>la semaine du 16 juin au 20 juin 2025<\/strong> d\u00e9j\u00e0 pr\u00e9vues dans le cadre de l\u2019entretien courant\u00a0\u00bb, pr\u00e9cise la pr\u00e9fecture du Rh\u00f4ne.<\/p>\n<p>Vid\u00e9os : en ce moment sur Actu<\/p>\n<p class=\" wall-content\">Suivez toute l\u2019actualit\u00e9 de vos villes et m\u00e9dias favoris en vous inscrivant \u00e0 <a href=\"https:\/\/moncompte.actu.fr\" title=\"D\u00e9couvez Mon Actu\" rel=\"nofollow noopener\" data-trk=\"{&quot;cta&quot;:{&quot;action&quot;:&quot;https:\\\/\\\/moncompte.actu.fr&quot;,&quot;category&quot;:&quot;mon compte&quot;,&quot;from&quot;:&quot;article footer&quot;,&quot;name&quot;:&quot;Mon actu&quot;,&quot;type&quot;:&quot;cta&quot;}}\" target=\"_blank\">Mon Actu<\/a>.<\/p>\n","protected":false},"excerpt":{"rendered":"Par Ludivine Caporal Publi\u00e9 le 6 juin 2025 \u00e0 17h53 La circulation sera sans doute plus fluide sur&hellip;\n","protected":false},"author":2,"featured_media":157862,"comment_status":"","ping_status":"","sticky":false,"template":"","format":"standard","meta":{"footnotes":""},"categories":[1889],"tags":[1111,11,6423,2430,3542,1777,674,1011,27,2428,12,25,104,2086],"class_list":{"0":"post-157861","1":"post","2":"type-post","3":"status-publish","4":"format-standard","5":"has-post-thumbnail","7":"category-lyon","8":"tag-actu","9":"tag-actualites","10":"tag-autoroute-7-a7","11":"tag-auvergne-rhone-alpes","12":"tag-circulation","13":"tag-eu","14":"tag-europe","15":"tag-fr","16":"tag-france","17":"tag-lyon","18":"tag-news","19":"tag-republique-francaise","20":"tag-societe","21":"tag-travaux"},"share_on_mastodon":{"url":"https:\/\/pubeurope.com\/@fr\/114639419833981740","error":""},"_links":{"self":[{"href":"https:\/\/www.europesays.com\/fr\/wp-json\/wp\/v2\/posts\/157861","targetHints":{"allow":["GET"]}}],"collection":[{"href":"https:\/\/www.europesays.com\/fr\/wp-json\/wp\/v2\/posts"}],"about":[{"href":"https:\/\/www.europesays.com\/fr\/wp-json\/wp\/v2\/types\/post"}],"author":[{"embeddable":true,"href":"https:\/\/www.europesays.com\/fr\/wp-json\/wp\/v2\/users\/2"}],"replies":[{"embeddable":true,"href":"https:\/\/www.europesays.com\/fr\/wp-json\/wp\/v2\/comments?post=157861"}],"version-history":[{"count":0,"href":"https:\/\/www.europesays.com\/fr\/wp-json\/wp\/v2\/posts\/157861\/revisions"}],"wp:featuredmedia":[{"embeddable":true,"href":"https:\/\/www.europesays.com\/fr\/wp-json\/wp\/v2\/media\/157862"}],"wp:attachment":[{"href":"https:\/\/www.europesays.com\/fr\/wp-json\/wp\/v2\/media?parent=157861"}],"wp:term":[{"taxonomy":"category","embeddable":true,"href":"https:\/\/www.europesays.com\/fr\/wp-json\/wp\/v2\/categories?post=157861"},{"taxonomy":"post_tag","embeddable":true,"href":"https:\/\/www.europesays.com\/fr\/wp-json\/wp\/v2\/tags?post=157861"}],"curies":[{"name":"wp","href":"https:\/\/api.w.org\/{rel}","templated":true}]}}