{"id":157863,"date":"2025-06-07T01:11:15","date_gmt":"2025-06-07T01:11:15","guid":{"rendered":"https:\/\/www.europesays.com\/fr\/157863\/"},"modified":"2025-06-07T01:11:15","modified_gmt":"2025-06-07T01:11:15","slug":"les-travaux-annules-en-raison-du-mauvais-temps","status":"publish","type":"post","link":"https:\/\/www.europesays.com\/fr\/157863\/","title":{"rendered":"les travaux annul\u00e9s en raison du mauvais temps"},"content":{"rendered":"<p>Fermeture de l\u2019A7 au sud de Lyon : les travaux annul\u00e9s en raison du mauvais temps &#8211; DR<\/p>\n<p itemprop=\"description\"><strong>Bonne nouvelle pour les automobilistes alors que des difficult\u00e9s de circulation sont annonc\u00e9es \u00e0 l&rsquo;occasion du long week-end de la Pentec\u00f4te.<\/strong><\/p>\n<p>Les travaux qui devaient entrainer la fermeture de l\u2019A7 au sud de Lyon sont annul\u00e9s en raison de la m\u00e9t\u00e9o et de l\u2019avancement du chantier. L&rsquo;annonce a \u00e9t\u00e9 faite ce vendredi soir par la Pr\u00e9fecture du Rh\u00f4ne.<\/p>\n<p>L\u2019A7 devait fermer dans le sens Marseille-Lyon, de vendredi 6 juin 21h au lundi 9 juin \u00e0 12h entre les deux \u00e9changeurs A450 \u2013 A7 et A7 \u2013 p\u00e9riph\u00e9rique dans les communes de Pierre-B\u00e9nite et de Saint-Fons pour r\u00e9aliser des travaux de r\u00e9paration sur les viaducs de Pierre-B\u00e9nite, ouvrages permettant \u00e0 l\u2019A7 de franchir le Rh\u00f4ne.\u00a0<\/p>\n<p>La coupure compl\u00e8te de l\u2019axe est donc annul\u00e9e ce week-end.<\/p>\n<p>\u00ab\u00a0Pour limiter la g\u00eane \u00e0 l\u2019usager, les travaux r\u00e9siduels seront r\u00e9alis\u00e9s pendant les coupures de nuit la semaine du 16 au 20 juin 2025 d\u00e9j\u00e0 pr\u00e9vues dans le cadre de l\u2019entretien courant\u00a0\u00bb, pr\u00e9cise la DIR Centre-Est dans un communiqu\u00e9.<\/p>\n","protected":false},"excerpt":{"rendered":"Fermeture de l\u2019A7 au sud de Lyon : les travaux annul\u00e9s en raison du mauvais temps &#8211; DR&hellip;\n","protected":false},"author":2,"featured_media":157864,"comment_status":"","ping_status":"","sticky":false,"template":"","format":"standard","meta":{"footnotes":""},"categories":[1889],"tags":[1111,11,2813,2190,2430,1109,251,1112,2811,1777,674,118,1011,27,1922,1110,1114,2428,2810,12,241,316,25,2812,517,800],"class_list":{"0":"post-157863","1":"post","2":"type-post","3":"status-publish","4":"format-standard","5":"has-post-thumbnail","7":"category-lyon","8":"tag-actu","9":"tag-actualites","10":"tag-article","11":"tag-asvel","12":"tag-auvergne-rhone-alpes","13":"tag-breves","14":"tag-culture","15":"tag-depeches","16":"tag-economique","17":"tag-eu","18":"tag-europe","19":"tag-faits-divers","20":"tag-fr","21":"tag-france","22":"tag-info","23":"tag-informations","24":"tag-infos","25":"tag-lyon","26":"tag-lyonmag","27":"tag-news","28":"tag-ol","29":"tag-politique","30":"tag-republique-francaise","31":"tag-sociale","32":"tag-sport","33":"tag-transports"},"share_on_mastodon":{"url":"https:\/\/pubeurope.com\/@fr\/114639423706533125","error":""},"_links":{"self":[{"href":"https:\/\/www.europesays.com\/fr\/wp-json\/wp\/v2\/posts\/157863","targetHints":{"allow":["GET"]}}],"collection":[{"href":"https:\/\/www.europesays.com\/fr\/wp-json\/wp\/v2\/posts"}],"about":[{"href":"https:\/\/www.europesays.com\/fr\/wp-json\/wp\/v2\/types\/post"}],"author":[{"embeddable":true,"href":"https:\/\/www.europesays.com\/fr\/wp-json\/wp\/v2\/users\/2"}],"replies":[{"embeddable":true,"href":"https:\/\/www.europesays.com\/fr\/wp-json\/wp\/v2\/comments?post=157863"}],"version-history":[{"count":0,"href":"https:\/\/www.europesays.com\/fr\/wp-json\/wp\/v2\/posts\/157863\/revisions"}],"wp:featuredmedia":[{"embeddable":true,"href":"https:\/\/www.europesays.com\/fr\/wp-json\/wp\/v2\/media\/157864"}],"wp:attachment":[{"href":"https:\/\/www.europesays.com\/fr\/wp-json\/wp\/v2\/media?parent=157863"}],"wp:term":[{"taxonomy":"category","embeddable":true,"href":"https:\/\/www.europesays.com\/fr\/wp-json\/wp\/v2\/categories?post=157863"},{"taxonomy":"post_tag","embeddable":true,"href":"https:\/\/www.europesays.com\/fr\/wp-json\/wp\/v2\/tags?post=157863"}],"curies":[{"name":"wp","href":"https:\/\/api.w.org\/{rel}","templated":true}]}}