{"id":157871,"date":"2025-06-07T01:16:20","date_gmt":"2025-06-07T01:16:20","guid":{"rendered":"https:\/\/www.europesays.com\/fr\/157871\/"},"modified":"2025-06-07T01:16:20","modified_gmt":"2025-06-07T01:16:20","slug":"carel-pose-les-pieds-dans-le-marais-2","status":"publish","type":"post","link":"https:\/\/www.europesays.com\/fr\/157871\/","title":{"rendered":"Carel pose les pieds dans le Marais"},"content":{"rendered":"<p class=\"article-content col-md-8 offset-md-1\">\n                                Apr\u00e8s l\u2019ouverture d\u2019une premi\u00e8re boutique bruxelloise en octobre 2024, la griffe fran\u00e7aise de souliers Carel renforce son r\u00e9seau retail et inaugure un nouvel \u00e9crin parisien au c\u0153ur du quartier du Marais.\u00a0<\/p>\n<p><img decoding=\"async\" class=\"news-image\" style=\"width:100%;max-width:762px;\" src=\"https:\/\/www.europesays.com\/fr\/wp-content\/uploads\/2025\/06\/dc75.png\" alt=\"Boutique Carel\" loading=\"lazy\"\/>Boutique Carel &#8211; DR<\/p>\n<p class=\"col-md-8 offset-md-1 article-content--texte\">Situ\u00e9 au 119, rue de Turenne, \u00e0 c\u00f4t\u00e9 de la boutique Ami ou du concept-store beaut\u00e9 Oh My Cream!, ce nouvel \u00e9crin est d\u00e9sormais le plus vaste de la capitale avec ses 70 m\u00e8tres carr\u00e9s pens\u00e9s par l&rsquo;architecte Rapha\u00ebl Giann\u00e9sini. Le lieu fait la part belle \u00e0 l\u2019art: au programme, par exemple, un micro-mus\u00e9e sur l\u2019histoire de la maison sign\u00e9 de l\u2019artiste colombien Samper. \u00a0<\/p>\n<p>Fr\u00e9d\u00e9rique Picard, la pr\u00e9sidente de Carel &#8211; qui en plus de ses corners dans les grands magasins parisiens, compte sept boutiques (cinq \u00e0 Paris, une \u00e0 S\u00e9oul et une en Belgique) &#8211; indique que la marque r\u00e9alise 60% de ses ventes en dehors de l\u2019Hexagone. \u00ab\u00a0Les Etats-Unis sont un march\u00e9 tr\u00e8s fort, mais nous regardons d\u2019abord vers Londres pour ouvrir une prochaine boutique\u00a0\u00bb, explique la dirigeante de la griffe fond\u00e9e en 1952 par Georges et Rosa Carel.<\/p>\n<p class=\"col-md-8 offset-md-1 article-content--texte\">Carel, qui a vu le fonds Mirabaud Patrimoine Vivant entrer \u00e0 son capital en 2019,\u00a0\u00e9largit \u00e9galement ses gammes. La marque, qui r\u00e9alise plus de la moiti\u00e9 de ses ventes avec ses fameuses \u00ab\u00a0Babies\u00a0\u00bb comme les \u00ab\u00a0Kina\u00a0\u00bb, des chaussures \u00e0 trois brides, d\u00e9veloppe ainsi sa maroquinerie avec des mod\u00e8les en cuir aux accents r\u00e9tro, mais \u00e9galement des mod\u00e8les en scoubidous tress\u00e9s ou encore en tissu. Ce segment p\u00e8se d\u00e9sormais entre 10 et 20% des ventes de Carel.<\/p>\n<p>Autre axe de d\u00e9veloppement pour la maison qui produit en petites s\u00e9ries: les sneakers. Des tennis en coton certifi\u00e9 Oeko-Tex produites au Portugal, tant\u00f4t orn\u00e9es de lacets flanqu\u00e9s du nom Carel, tant\u00f4t de brides qui jouent la carte du chic d\u00e9contract\u00e9.<\/p>\n<p>Carel; qui ne communique pas son chiffre d\u2019affaires; indique \u00eatre en croissance. En 2023 la marque r\u00e9alisait un chiffre d\u2019affaires de 20 millions d\u2019euros.<br \/>\u00a0<br \/>\u00a0\n                            <\/p>\n<p>\n                                Tous droits de reproduction et de repr\u00e9sentation r\u00e9serv\u00e9s.<br \/>\u00a9 2025 FashionNetwork.com\n                            <\/p>\n","protected":false},"excerpt":{"rendered":"Apr\u00e8s l\u2019ouverture d\u2019une premi\u00e8re boutique bruxelloise en octobre 2024, la griffe fran\u00e7aise de souliers Carel renforce son r\u00e9seau&hellip;\n","protected":false},"author":2,"featured_media":156733,"comment_status":"","ping_status":"","sticky":false,"template":"","format":"standard","meta":{"footnotes":""},"categories":[1888],"tags":[11,2424,537,2423,1777,674,1011,27,2425,985,12,2298,626,2426,2427,25,2421,2422],"class_list":{"0":"post-157871","1":"post","2":"type-post","3":"status-publish","4":"format-standard","5":"has-post-thumbnail","7":"category-paris","8":"tag-actualites","9":"tag-beaute","10":"tag-contact","11":"tag-cosmetiques","12":"tag-eu","13":"tag-europe","14":"tag-fr","15":"tag-france","16":"tag-luxe","17":"tag-mode","18":"tag-news","19":"tag-parfum","20":"tag-paris","21":"tag-professionnel","22":"tag-professionnels","23":"tag-republique-francaise","24":"tag-reseau","25":"tag-textile"},"share_on_mastodon":{"url":"https:\/\/pubeurope.com\/@fr\/114639443293525745","error":""},"_links":{"self":[{"href":"https:\/\/www.europesays.com\/fr\/wp-json\/wp\/v2\/posts\/157871","targetHints":{"allow":["GET"]}}],"collection":[{"href":"https:\/\/www.europesays.com\/fr\/wp-json\/wp\/v2\/posts"}],"about":[{"href":"https:\/\/www.europesays.com\/fr\/wp-json\/wp\/v2\/types\/post"}],"author":[{"embeddable":true,"href":"https:\/\/www.europesays.com\/fr\/wp-json\/wp\/v2\/users\/2"}],"replies":[{"embeddable":true,"href":"https:\/\/www.europesays.com\/fr\/wp-json\/wp\/v2\/comments?post=157871"}],"version-history":[{"count":0,"href":"https:\/\/www.europesays.com\/fr\/wp-json\/wp\/v2\/posts\/157871\/revisions"}],"wp:featuredmedia":[{"embeddable":true,"href":"https:\/\/www.europesays.com\/fr\/wp-json\/wp\/v2\/media\/156733"}],"wp:attachment":[{"href":"https:\/\/www.europesays.com\/fr\/wp-json\/wp\/v2\/media?parent=157871"}],"wp:term":[{"taxonomy":"category","embeddable":true,"href":"https:\/\/www.europesays.com\/fr\/wp-json\/wp\/v2\/categories?post=157871"},{"taxonomy":"post_tag","embeddable":true,"href":"https:\/\/www.europesays.com\/fr\/wp-json\/wp\/v2\/tags?post=157871"}],"curies":[{"name":"wp","href":"https:\/\/api.w.org\/{rel}","templated":true}]}}