{"id":157876,"date":"2025-06-07T01:19:13","date_gmt":"2025-06-07T01:19:13","guid":{"rendered":"https:\/\/www.europesays.com\/fr\/157876\/"},"modified":"2025-06-07T01:19:13","modified_gmt":"2025-06-07T01:19:13","slug":"bruxelles-retablit-le-regime-davant-guerre-pour-les-produits-agricoles-ukrainiens","status":"publish","type":"post","link":"https:\/\/www.europesays.com\/fr\/157876\/","title":{"rendered":"Bruxelles r\u00e9tablit le r\u00e9gime d\u2019avant-guerre pour les produits agricoles ukrainiens"},"content":{"rendered":"<p>Depuis vendredi, <a href=\"https:\/\/www.letelegramme.fr\/monde\/lue-prevoit-de-reduire-les-importations-agricoles-ukrainiennes-a-partir-de-juin-6787489.php\" title=\"www.letelegramme.fr\" target=\"_blank\" rel=\"noopener\">les produits agricoles ukrainiens<\/a> sont \u00e0 nouveau soumis \u00e0 des restrictions apr\u00e8s une p\u00e9riode de plus de deux ans et demi de \u00ab\u00a0mesures commerciales autonomes\u00a0\u00bb (ATM) qui permettaient au poulet, au ma\u00efs ou encore au sucre ukrainiens d\u2019acc\u00e9der au march\u00e9 unique, sans quotas ni barri\u00e8res tarifaires. Un retour au r\u00e9gime d\u2019avant-guerre.<\/p>\n<p>Le r\u00e9gime pr\u00e9f\u00e9rentiel, assorti, en 2024, de sauvegardes plafonnant certaines exportations ukrainiennes sensibles, comme les \u0153ufs ou le sucre, en raison des inqui\u00e9tudes des agriculteurs europ\u00e9ens, a, en effet, pris fin, jeudi soir, faute d\u2019accord entre les deux parties. Pour les producteurs de ma\u00efs, le quota annuel sera ainsi r\u00e9duit \u00e0 650\u00a0000 tonnes, contre 14 millions de tonnes en 2024.<\/p>\n<p>Un nouvel accord \u00e0 venir<\/p>\n<p>Pour le sucre, il s\u2019agit de revenir au quota de 20\u00a0000 tonnes d\u2019avant-guerre alors que les importations de sucre ukrainien ont grimp\u00e9 \u00e0 400\u00a0000 tonnes en 2022-2023 et 500\u00a0000 tonnes en 2023-2024. Pour la volaille, le quota d\u2019avant-guerre \u00e9tait de 90\u00a0000 tonnes et les importations avaient \u00e9t\u00e9 de l\u2019ordre de 220\u00a0000 tonnes entre juin 2022 et juin 2023.<\/p>\n<p>Quelle suite\u00a0? La Commission s\u2019est d\u00e9fendue, ces derniers jours, d\u2019abandonner l\u2019Ukraine et a promis de n\u00e9gocier un nouvel accord au plus vite. Les n\u00e9gociations ont d\u2019ailleurs d\u00e9j\u00e0 commenc\u00e9 le 2 juin. Kiev d\u00e9plore, en attendant, un manque \u00e0 gagner de pr\u00e8s de 3,5 milliards d\u2019euros.<\/p>\n","protected":false},"excerpt":{"rendered":"Depuis vendredi, les produits agricoles ukrainiens sont \u00e0 nouveau soumis \u00e0 des restrictions apr\u00e8s une p\u00e9riode de plus&hellip;\n","protected":false},"author":2,"featured_media":157877,"comment_status":"","ping_status":"","sticky":false,"template":"","format":"standard","meta":{"footnotes":""},"categories":[1590],"tags":[11,327,5825,33,765,1777,674,131,2069,12,220],"class_list":{"0":"post-157876","1":"post","2":"type-post","3":"status-publish","4":"format-standard","5":"has-post-thumbnail","7":"category-ukraine","8":"tag-actualites","9":"tag-agriculture","10":"tag-agroalimentaire","11":"tag-economie","12":"tag-en-continu","13":"tag-eu","14":"tag-europe","15":"tag-guerre-en-ukraine","16":"tag-guerre-ukraine-russie","17":"tag-news","18":"tag-ukraine"},"share_on_mastodon":{"url":"https:\/\/pubeurope.com\/@fr\/114639455057109515","error":""},"_links":{"self":[{"href":"https:\/\/www.europesays.com\/fr\/wp-json\/wp\/v2\/posts\/157876","targetHints":{"allow":["GET"]}}],"collection":[{"href":"https:\/\/www.europesays.com\/fr\/wp-json\/wp\/v2\/posts"}],"about":[{"href":"https:\/\/www.europesays.com\/fr\/wp-json\/wp\/v2\/types\/post"}],"author":[{"embeddable":true,"href":"https:\/\/www.europesays.com\/fr\/wp-json\/wp\/v2\/users\/2"}],"replies":[{"embeddable":true,"href":"https:\/\/www.europesays.com\/fr\/wp-json\/wp\/v2\/comments?post=157876"}],"version-history":[{"count":0,"href":"https:\/\/www.europesays.com\/fr\/wp-json\/wp\/v2\/posts\/157876\/revisions"}],"wp:featuredmedia":[{"embeddable":true,"href":"https:\/\/www.europesays.com\/fr\/wp-json\/wp\/v2\/media\/157877"}],"wp:attachment":[{"href":"https:\/\/www.europesays.com\/fr\/wp-json\/wp\/v2\/media?parent=157876"}],"wp:term":[{"taxonomy":"category","embeddable":true,"href":"https:\/\/www.europesays.com\/fr\/wp-json\/wp\/v2\/categories?post=157876"},{"taxonomy":"post_tag","embeddable":true,"href":"https:\/\/www.europesays.com\/fr\/wp-json\/wp\/v2\/tags?post=157876"}],"curies":[{"name":"wp","href":"https:\/\/api.w.org\/{rel}","templated":true}]}}