{"id":157880,"date":"2025-06-07T01:21:14","date_gmt":"2025-06-07T01:21:14","guid":{"rendered":"https:\/\/www.europesays.com\/fr\/157880\/"},"modified":"2025-06-07T01:21:14","modified_gmt":"2025-06-07T01:21:14","slug":"prince-harry-cette-facture-exorbitante-laissee-lors-de-son-dernier-passage-au-royaume-uni","status":"publish","type":"post","link":"https:\/\/www.europesays.com\/fr\/157880\/","title":{"rendered":"Prince Harry : cette facture exorbitante laiss\u00e9e lors de son dernier passage au Royaume-Uni"},"content":{"rendered":"<p>S\u2019il vit d\u00e9sormais aux Etats-Unis, le prince Harry a d\u00e9j\u00e0 fait<br \/>\nplusieurs allers-retours entre Londres et Los Angeles. Et pour<br \/>\ncause, <a href=\"https:\/\/www.closermag.fr\/royautes\/harry-a-londres-le-duc-se-ridiculise-et-ca-remet-de-leau-au-moulin-de-ses-ennemis-3543548\" rel=\"nofollow noopener\" target=\"_blank\"><br \/>\nl\u2019\u00e9poux de Meghan Markle<\/a> avait d\u00e9cid\u00e9 de poursuivre le<br \/>\ngouvernement qui refusait d\u00e9sormais de payer ses frais de s\u00e9curit\u00e9<br \/>\nlorsqu\u2019il venait \u00e0 Londres. Mais voil\u00e0 que nos confr\u00e8res du<br \/>\nMail d\u00e9voilent les sommes qu\u2019a d\u00fb d\u00e9bourser le<br \/>\ngouvernement pour r\u00e9gler les frais d\u2019avocat.<\/p>\n<p>Le minist\u00e8re de l&rsquo;Int\u00e9rieur a en effet estim\u00e9 les frais<br \/>\njuridiques \u00e0 <strong>778.000 euros.<\/strong> Une somme qui comprend<br \/>\nenviron 657.000 euros pour l&rsquo;affaire en premi\u00e8re instance et plus<br \/>\nde 120.000 euros pour la seconde instance.\u00a0<\/p>\n<p><img itemprop=\"thumbnailUrl\" decoding=\"async\" loading=\"lazy\" class=\"aligncenter size-full wp-image-3552179 img-responsive\" src=\"https:\/\/www.europesays.com\/fr\/wp-content\/uploads\/2025\/06\/bestimage_00616076_000018-scaled.jpg\" alt=\"\" width=\"1609\" height=\"2560\"\/> \u00a9<br \/>\nBestimage<\/p>\n<p>Le prince Harry pourrait bel et bien rembourser ce que le<br \/>\ngouvernement a d\u00e9pens\u00e9 lors de son proc\u00e8s<\/p>\n<p>Mais puisque <a href=\"https:\/\/www.closermag.fr\/royautes\/prince-harry-de-retour-au-royaume-uni-pour-une-enieme-bataille-judiciaire-il-rate-son-pere-de-peu-et-voici-pourquoi-3535334\" rel=\"nofollow noopener\" target=\"_blank\"><br \/>\nle prince Harry<\/a> a perdu son proc\u00e8s en premi\u00e8re instance et en<br \/>\nappel, il pourrait \u00eatre contraint de rembourser les frais engag\u00e9s,<br \/>\nplus ses propres frais pour une somme de <strong>1,7 million<br \/>\nd\u2019euros<\/strong>. \u201cL&rsquo;ann\u00e9e derni\u00e8re, apr\u00e8s avoir perdu le<br \/>\nproc\u00e8s initial, un juge a ordonn\u00e9 \u00e0 Harry de rembourser 90 % des<br \/>\nfrais de justice\u201d, rappellent nos confr\u00e8res du Mail.<br \/>\nUn gros coup dur pour le prince Harry qui a d\u00e9j\u00e0 indiqu\u00e9 avoir<br \/>\nbeaucoup souffert de la r\u00e9ponse du tribunal en seconde instance :<br \/>\n\u201cC&rsquo;est un bon vieux coup mont\u00e9 de l&rsquo;establishment &#8211; et c&rsquo;est ce<br \/>\nque l&rsquo;on ressent.\u00a0\u00bb.<\/p>\n<p>Le prince Harry d\u00e9nonce une injustice : \u00ab\u00a0D&rsquo;autres personnes<br \/>\nont \u00e9t\u00e9 prot\u00e9g\u00e9es, des personnes qui ont choisi d&rsquo;occuper une<br \/>\nfonction publique. Pourquoi ne seriez-vous pas \u00e0 l&rsquo;aise avec<br \/>\nquelqu&rsquo;un dans ma situation, qui a consacr\u00e9 35 ans \u00e0 servir son<br \/>\npays, dont deux missions en Afghanistan\u2026 Je suis n\u00e9 dans cette<br \/>\nposition. Je suis n\u00e9 avec ces risques, et ils n&rsquo;ont fait<br \/>\nqu&rsquo;augmenter avec le temps\u201d, avait-il indiqu\u00e9.\u00a0<\/p>\n<p>L&rsquo;\u00e9poux de Meghan Markle d\u00e9sempar\u00e9<\/p>\n<p>Et avec cette d\u00e9cision, hors de question pour le prince Harry de<br \/>\nse rendre \u00e0 Londres avec <a href=\"https:\/\/www.closermag.fr\/royautes\/harry-a-londres-ses-espoirs-de-retrouver-william-et-kate-ont-ete-aneantis-pourtant-il-a-tout-fait-3536974\" rel=\"nofollow noopener\" target=\"_blank\"><br \/>\nson \u00e9pouse, Meghan Markle<\/a> et leurs deux enfants, Archie et<br \/>\nLilibet : \u201cJ&rsquo;aime mon pays et je l&rsquo;ai toujours aim\u00e9. Je trouve<br \/>\nvraiment triste de ne pas pouvoir <strong>montrer ma patrie \u00e0 mes<br \/>\nenfants\u201d<\/strong>.<\/p>\n<p>Mais ce t\u00e9moignage \u00e9mouvant n\u2019a pas fait plier la justice.<br \/>\nBuckingham Palace avait aussi d\u00e9clar\u00e9 : \u201cToutes ces questions<br \/>\nont \u00e9t\u00e9 examin\u00e9es \u00e0 plusieurs reprises et m\u00e9ticuleusement par les<br \/>\ntribunaux, avec la m\u00eame conclusion \u00e0 chaque fois. Il aurait \u00e9t\u00e9<br \/>\nconstitutionnellement inappropri\u00e9 pour Sa Majest\u00e9 d&rsquo;intervenir<br \/>\nalors que cette question \u00e9tait examin\u00e9e par le gouvernement et<br \/>\nexamin\u00e9e par les tribunaux.\u201d.<\/p>\n","protected":false},"excerpt":{"rendered":"S\u2019il vit d\u00e9sormais aux Etats-Unis, le prince Harry a d\u00e9j\u00e0 fait plusieurs allers-retours entre Londres et Los Angeles.&hellip;\n","protected":false},"author":2,"featured_media":157881,"comment_status":"","ping_status":"","sticky":false,"template":"","format":"standard","meta":{"footnotes":""},"categories":[1588],"tags":[11,548,1777,674,12,267,473,1853,1851,1850,1852],"class_list":{"0":"post-157880","1":"post","2":"type-post","3":"status-publish","4":"format-standard","5":"has-post-thumbnail","7":"category-royaume-uni","8":"tag-actualites","9":"tag-article-simple","10":"tag-eu","11":"tag-europe","12":"tag-news","13":"tag-prince-harry","14":"tag-royaume-uni","15":"tag-royaume-uni-de-grande-bretagne-et-dirlande-du-nord","16":"tag-uk","17":"tag-united-kingdom","18":"tag-united-kingdom-of-great-britain-and-northern-ireland"},"share_on_mastodon":{"url":"https:\/\/pubeurope.com\/@fr\/114639462961662146","error":""},"_links":{"self":[{"href":"https:\/\/www.europesays.com\/fr\/wp-json\/wp\/v2\/posts\/157880","targetHints":{"allow":["GET"]}}],"collection":[{"href":"https:\/\/www.europesays.com\/fr\/wp-json\/wp\/v2\/posts"}],"about":[{"href":"https:\/\/www.europesays.com\/fr\/wp-json\/wp\/v2\/types\/post"}],"author":[{"embeddable":true,"href":"https:\/\/www.europesays.com\/fr\/wp-json\/wp\/v2\/users\/2"}],"replies":[{"embeddable":true,"href":"https:\/\/www.europesays.com\/fr\/wp-json\/wp\/v2\/comments?post=157880"}],"version-history":[{"count":0,"href":"https:\/\/www.europesays.com\/fr\/wp-json\/wp\/v2\/posts\/157880\/revisions"}],"wp:featuredmedia":[{"embeddable":true,"href":"https:\/\/www.europesays.com\/fr\/wp-json\/wp\/v2\/media\/157881"}],"wp:attachment":[{"href":"https:\/\/www.europesays.com\/fr\/wp-json\/wp\/v2\/media?parent=157880"}],"wp:term":[{"taxonomy":"category","embeddable":true,"href":"https:\/\/www.europesays.com\/fr\/wp-json\/wp\/v2\/categories?post=157880"},{"taxonomy":"post_tag","embeddable":true,"href":"https:\/\/www.europesays.com\/fr\/wp-json\/wp\/v2\/tags?post=157880"}],"curies":[{"name":"wp","href":"https:\/\/api.w.org\/{rel}","templated":true}]}}