{"id":157882,"date":"2025-06-07T01:22:11","date_gmt":"2025-06-07T01:22:11","guid":{"rendered":"https:\/\/www.europesays.com\/fr\/157882\/"},"modified":"2025-06-07T01:22:11","modified_gmt":"2025-06-07T01:22:11","slug":"droits-de-douane-lallemagne-risque-encore-deux-ans-de-recession-en-cas-descalade-selon-la-bundesbank-06-06-2025-a-1754","status":"publish","type":"post","link":"https:\/\/www.europesays.com\/fr\/157882\/","title":{"rendered":"Droits de douane: l&rsquo;Allemagne risque encore deux ans de r\u00e9cession en cas d&rsquo;escalade, selon la Bundesbank &#8211; 06\/06\/2025 \u00e0 17:54"},"content":{"rendered":"<p>        <img fetchpriority=\"high\" decoding=\"async\" src=\"https:\/\/www.europesays.com\/fr\/wp-content\/uploads\/2025\/06\/b0f0de79aca3993ca87497f223c988a8-760x512.jpg\" alt=\"( AFP \/ INA FASSBENDER )\" loading=\"eager\" width=\"760\" height=\"512\" style=\"max-width: 100%!important; height: auto;\"\/><\/p>\n<p class=\"c-image-news__legend\">( AFP \/ INA FASSBENDER )<\/p>\n<p>\n Une escalade de la guerre commerciale avec les Etats-Unis pourrait prolonger la r\u00e9cession en Allemagne de deux ann\u00e9es suppl\u00e9mentaires, en raison d&rsquo;un recul marqu\u00e9 des exportations et d&rsquo;une forte incertitude pesant sur l&rsquo;investissement, avertit vendredi la banque centrale allemande (Bundesbank).\n<\/p>\n<p>\n Si les droits de douane annonc\u00e9s par le pr\u00e9sident am\u00e9ricain Donald Trump \u00e9taient pleinement appliqu\u00e9s d\u00e8s juillet, sans exemptions sectorielles, avec des mesures de r\u00e9torsion \u00e9quivalentes de la part de l&rsquo;UE, le produit int\u00e9rieur brut (PIB) allemand reculerait de 0,5% cette ann\u00e9e et de 0,2% en 2026, selon les pr\u00e9visions publi\u00e9es par la Bundesbank.\n<\/p>\n<p>\n La croissance serait de retour en 2027, avec un rebond de 1%.\n<\/p>\n<p>\n Ce choc tarifaire mondial viendrait donc accro\u00eetre la pression sur une \u00e9conomie allemande d\u00e9j\u00e0 affaiblie apr\u00e8s deux ann\u00e9es de r\u00e9cession, en 2023 et 2024, li\u00e9es \u00e0 une faible demande int\u00e9rieure et \u00e0 une perte de comp\u00e9titivit\u00e9 du secteur industriel fortement exportateur, notamment l&rsquo;automobile et la chimie.\n<\/p>\n<p>\n L&rsquo;effet sur l&#8217;emploi serait aussi massif, avec un impact de 90.000 suppressions d&#8217;emplois \u00e0 pr\u00e9voir en Allemagne, si des droits de douane de 25% \u00e9taient impos\u00e9s, a indiqu\u00e9 vendredi Andrea Nahles, directrice de l&rsquo;Agence f\u00e9d\u00e9rale pour l&#8217;emploi.\n<\/p>\n<p>\n \u00ab\u00a0La politique commerciale erratique des \u00c9tats-Unis met sous pression le march\u00e9 du travail allemand\u00a0\u00bb, a d\u00e9clar\u00e9 Mme Nahles au quotidien S\u00fcddeutsche Zeitung.\n<\/p>\n<p>\n \u00ab\u00a0Le probl\u00e8me, c&rsquo;est ce manque de pr\u00e9visibilit\u00e9, qui nous cause un pr\u00e9judice consid\u00e9rable. Il emp\u00eache les entreprises d&rsquo;investir, d&#8217;embaucher et de former du personnel\u00a0\u00bb, a-t-elle ajout\u00e9.\n<\/p>\n<p> &#8211; Exportations en chute &#8211;<\/p>\n<p>\n En cas de guerre commerciale tous azimuts, \u00ab\u00a0les pertes de croissance du PIB r\u00e9el s&rsquo;accumuleraient d&rsquo;ici 2027 pour un peu plus de 1,5 point de pourcentage par rapport au sc\u00e9nario de r\u00e9f\u00e9rence\u00a0\u00bb, explique encore la banque centrale.\n<\/p>\n<p>\n L&rsquo;annonce en avril 2025 par le pr\u00e9sident am\u00e9ricain de fortes hausses tarifaires a surpris les march\u00e9s, d\u00e9passant largement les attentes, rappelle la \u00ab\u00a0Buba\u00a0\u00bb.\n<\/p>\n<p>\n En cas d&rsquo;\u00e9chec des n\u00e9gociations commerciales en cours, Donald Trump appliquerait une hausse de 20 points des droits de douane sur la majorit\u00e9 des importations europ\u00e9ennes, tandis que les produits chinois subiraient des surtaxes pouvant d\u00e9passer 100\u202f%.\n<\/p>\n<p>\n Ces annonces, m\u00eame avant leur mise en \u0153uvre, ont un moment \u00e9branl\u00e9 les march\u00e9s financiers et provoqu\u00e9 un net affaiblissement du dollar.\n<\/p>\n<p>\n L&rsquo;Allemagne paierait un lourd tribut via le d\u00e9clin des exportations, en raison de la chute de la demande mondiale, et le recul de l&rsquo;investissement dans un climat persistant d&rsquo;incertitude, selon le sc\u00e9nario \u00e0 risque de la Bundesbank.\n<\/p>\n<p>\n La Bundesbank a \u00e9galement publi\u00e9 un sc\u00e9nario de r\u00e9f\u00e9rence moins dramatique, dans lequel la politique commerciale am\u00e9ricaine p\u00e8se aussi sur la croissance allemande, mais plus mod\u00e9r\u00e9ment, tandis que les d\u00e9penses budg\u00e9taires massives, d\u00e9cid\u00e9es par le nouveau gouvernement du chancelier Friedrich Merz, vont soutenir en particulier les domaines des infrastructures et de la d\u00e9fense.\n<\/p>\n<p>\n Le PIB allemand devrait dans ce cas stagner cette ann\u00e9e avant de rebondir de 0,7\u202f% en 2026 puis 1,2\u202f% en 2027.\n<\/p>\n<p>\n Ces pr\u00e9visions marquent une r\u00e9vision \u00e0 la baisse pour 2025 et 2026 par rapport \u00e0 celles de d\u00e9cembre tandis que celle pour 2027 est l\u00e9g\u00e8rement relev\u00e9e.<\/p>\n","protected":false},"excerpt":{"rendered":"( AFP \/ INA FASSBENDER ) Une escalade de la guerre commerciale avec les Etats-Unis pourrait prolonger la&hellip;\n","protected":false},"author":2,"featured_media":157883,"comment_status":"","ping_status":"","sticky":false,"template":"","format":"standard","meta":{"footnotes":""},"categories":[1587],"tags":[400,11,672,398,408,1804,405,1805,1803,1777,674,1801,403,402,399,404,12,1802,401,406,407],"class_list":{"0":"post-157882","1":"post","2":"type-post","3":"status-publish","4":"format-standard","5":"has-post-thumbnail","7":"category-allemagne","8":"tag-action-cac-40","9":"tag-actualites","10":"tag-allemagne","11":"tag-bourse-de-paris","12":"tag-boursorama","13":"tag-bundesrepublik-deutschland","14":"tag-cotations","15":"tag-de","16":"tag-deutschland","17":"tag-eu","18":"tag-europe","19":"tag-germany","20":"tag-indices-devises","21":"tag-investir","22":"tag-investissement","23":"tag-marche-boursier","24":"tag-news","25":"tag-republique-federale-dallemagne","26":"tag-sicav","27":"tag-trackers","28":"tag-warrants"},"share_on_mastodon":{"url":"https:\/\/pubeurope.com\/@fr\/114639467271459750","error":""},"_links":{"self":[{"href":"https:\/\/www.europesays.com\/fr\/wp-json\/wp\/v2\/posts\/157882","targetHints":{"allow":["GET"]}}],"collection":[{"href":"https:\/\/www.europesays.com\/fr\/wp-json\/wp\/v2\/posts"}],"about":[{"href":"https:\/\/www.europesays.com\/fr\/wp-json\/wp\/v2\/types\/post"}],"author":[{"embeddable":true,"href":"https:\/\/www.europesays.com\/fr\/wp-json\/wp\/v2\/users\/2"}],"replies":[{"embeddable":true,"href":"https:\/\/www.europesays.com\/fr\/wp-json\/wp\/v2\/comments?post=157882"}],"version-history":[{"count":0,"href":"https:\/\/www.europesays.com\/fr\/wp-json\/wp\/v2\/posts\/157882\/revisions"}],"wp:featuredmedia":[{"embeddable":true,"href":"https:\/\/www.europesays.com\/fr\/wp-json\/wp\/v2\/media\/157883"}],"wp:attachment":[{"href":"https:\/\/www.europesays.com\/fr\/wp-json\/wp\/v2\/media?parent=157882"}],"wp:term":[{"taxonomy":"category","embeddable":true,"href":"https:\/\/www.europesays.com\/fr\/wp-json\/wp\/v2\/categories?post=157882"},{"taxonomy":"post_tag","embeddable":true,"href":"https:\/\/www.europesays.com\/fr\/wp-json\/wp\/v2\/tags?post=157882"}],"curies":[{"name":"wp","href":"https:\/\/api.w.org\/{rel}","templated":true}]}}