{"id":157884,"date":"2025-06-07T01:23:09","date_gmt":"2025-06-07T01:23:09","guid":{"rendered":"https:\/\/www.europesays.com\/fr\/157884\/"},"modified":"2025-06-07T01:23:09","modified_gmt":"2025-06-07T01:23:09","slug":"condamne-pour-harcelement-sexuel-lanimateur-jean-marc-morandini-de-retour-sur-europe-1","status":"publish","type":"post","link":"https:\/\/www.europesays.com\/fr\/157884\/","title":{"rendered":"Condamn\u00e9 pour harc\u00e8lement sexuel, l\u2019animateur Jean-Marc Morandini de retour sur Europe\u00a01"},"content":{"rendered":"<p class=\"paragraph text_align_left\">Un come-back neuf ans apr\u00e8s avoir \u00e9t\u00e9 \u00e9vinc\u00e9 de la station, tomb\u00e9e depuis dans le giron de <a href=\"https:\/\/www.leparisien.fr\/faits-divers\/vincent-bollore-vise-par-une-plainte-pour-recel-et-blanchiment-des-associations-africaines-laccusent-19-03-2025-FWBKTXUX2ZAG3DKZ3IFUOEUDSI.php\" target=\"_self\" rel=\"nofollow noopener\">Vincent Bollor\u00e9<\/a>. <a href=\"https:\/\/www.leparisien.fr\/culture-loisirs\/tv\/jean-marc-morandini-condamne-en-appel-a-deux-ans-de-prison-pour-corruption-de-mineurs-21-03-2025-A4HHG2NADJDRTJ53ZV5YB7M4NY.php\" target=\"_self\" rel=\"nofollow noopener\">Condamn\u00e9 en appel<\/a> en d\u00e9but d\u2019ann\u00e9e pour corruption de mineurs et harc\u00e8lement sexuel, Jean-Marc Morandini a fait son retour vendredi sur Europe 1.<\/p>\n<p class=\"paragraph text_align_left\">Selon Europe 1, il remplace <a href=\"https:\/\/www.leparisien.fr\/culture-loisirs\/cyril-hanouna\/\" target=\"_self\" rel=\"nofollow noopener\">Cyril Hanouna<\/a> pour deux num\u00e9ros de l\u2019\u00e9mission \u00ab On marche sur la t\u00eate \u00bb, ce vendredi et le suivant de 16 heures \u00e0 18 heures On ne sait pas \u00e0 ce stade si cet int\u00e9rim perdurera. \u00ab Tr\u00e8s heureux de vous retrouver sur Europe 1, quel bonheur d\u2019\u00eatre sur cette radio, la radio bleue que j\u2019adore \u00bb, a lanc\u00e9 Jean-Marc Morandini \u00e0 l\u2019antenne.<\/p>\n<p class=\"paragraph text_align_left\">Jusqu\u2019alors, Eliot Deval, pr\u00e9sentateur de CNews, comme Jean-Marc Morandini, prenait le relais de Cyril Hanouna le vendredi. Ce dernier avait annonc\u00e9 ce changement la veille sur la station du groupe Lagard\u00e8re, o\u00f9 Jean-Marc Morandini a offici\u00e9 pendant 13 ans.<\/p>\n<p>Deux condamnations<\/p>\n<p class=\"paragraph text_align_left\">En 2016, il en avait \u00e9t\u00e9 mis en retrait apr\u00e8s une enqu\u00eate des <a href=\"https:\/\/www.lesinrocks.com\/\" target=\"_self\" rel=\"nofollow noopener\">Inrocks<\/a> l\u2019accusant d\u2019avoir profit\u00e9 des castings d\u2019une web-s\u00e9rie \u00e9rotique pour pousser des com\u00e9diens, majeurs, \u00e0 s\u2019exhiber nus. Cette affaire lui a valu fin janvier une condamnation en appel \u00e0 18 mois de prison avec sursis pour harc\u00e8lement sexuel \u00e0 l\u2019encontre d\u2019un jeune com\u00e9dien.<\/p>\n<p class=\"paragraph text_align_left\">Dans un autre dossier, la cour d\u2019appel de Paris <a href=\"https:\/\/www.leparisien.fr\/culture-loisirs\/tv\/jean-marc-morandini-condamne-en-appel-a-deux-ans-de-prison-pour-corruption-de-mineurs-21-03-2025-A4HHG2NADJDRTJ53ZV5YB7M4NY.php\" target=\"_self\" rel=\"nofollow noopener\">l\u2019a condamn\u00e9 en mars<\/a> \u00e0 deux ans de prison avec sursis et 20 000 euros d\u2019amende pour corruption de mineurs sur trois adolescents entre 2009 et 2016. Dans les deux cas, Morandini a fait savoir qu\u2019il allait se pourvoir en cassation.<\/p>\n<p class=\"paragraph text_align_left\">L\u2019animateur de 59 ans, qui aussi offici\u00e9 de 2012 \u00e0 2022 sur NRJ 12, appara\u00eet quotidiennement dans l\u2019\u00e9mission \u00ab Morandini Live \u00bb sur CNews. L\u2019annonce en 2016 de son recrutement sur i-T\u00e9l\u00e9 (ancien nom de CNews) avait motiv\u00e9 une gr\u00e8ve d\u2019un mois des salari\u00e9s, qui protestaient aussi contre l\u2019ing\u00e9rence de leur actionnaire, le milliardaire ultra-conservateur Vincent Bollor\u00e9.<\/p>\n<p class=\"paragraph text_align_left\">Un an apr\u00e8s, la quasi-totalit\u00e9 des journalistes d\u2019i-T\u00e9l\u00e9 \u00e9tait partie, soit une centaine sur 120 au total, pigistes compris, avaient alors affirm\u00e9 les gr\u00e9vistes, tandis que CNews a assur\u00e9 vendredi que 90 journalistes avaient quitt\u00e9 la cha\u00eene \u00e0 ce moment-l\u00e0, soit 55 % d\u2019entre eux. <a href=\"https:\/\/www.leparisien.fr\/economie\/vivendi-annonce-finaliser-la-prise-de-controle-de-son-rival-lagardere-21-11-2023-PN3WZTDTMFDB3KGUM7DCWUZPHA.php\" target=\"_self\" rel=\"nofollow noopener\">Le groupe Lagard\u00e8re a \u00e9t\u00e9 absorb\u00e9 en novembre 2023 par Vivendi<\/a>, le groupe de Bollor\u00e9. Il fait d\u00e9sormais partie de Louis Hachette Group, n\u00e9 fin 2024 de la scission de Vivendi.<\/p>\n<p class=\"paragraph text_align_left\">En partance pour le groupe M 6, Cyril Hanouna sera remplac\u00e9 \u00e0 la rentr\u00e9e sur Europe 1 <a href=\"https:\/\/www.leparisien.fr\/culture-loisirs\/tv\/europe-1-pascal-praud-reprendra-la-case-de-cyril-hanouna-a-la-rentree-03-06-2025-SE4JWGKRFJGMFNZMMEAV5HPOVA.php\" target=\"_self\" rel=\"nofollow noopener\">par Pascal Praud<\/a>, qui quittera ainsi la case 11 heures-13 heures, toujours \u00e0 pourvoir.<\/p>\n","protected":false},"excerpt":{"rendered":"Un come-back neuf ans apr\u00e8s avoir \u00e9t\u00e9 \u00e9vinc\u00e9 de la station, tomb\u00e9e depuis dans le giron de Vincent&hellip;\n","protected":false},"author":2,"featured_media":157885,"comment_status":"","ping_status":"","sticky":false,"template":"","format":"standard","meta":{"footnotes":""},"categories":[1586],"tags":[11,872,1777,674,1011,27,12,25,2205],"class_list":{"0":"post-157884","1":"post","2":"type-post","3":"status-publish","4":"format-standard","5":"has-post-thumbnail","7":"category-europe","8":"tag-actualites","9":"tag-culture-et-loisirs","10":"tag-eu","11":"tag-europe","12":"tag-fr","13":"tag-france","14":"tag-news","15":"tag-republique-francaise","16":"tag-television-medias"},"share_on_mastodon":{"url":"https:\/\/pubeurope.com\/@fr\/114639470862764920","error":""},"_links":{"self":[{"href":"https:\/\/www.europesays.com\/fr\/wp-json\/wp\/v2\/posts\/157884","targetHints":{"allow":["GET"]}}],"collection":[{"href":"https:\/\/www.europesays.com\/fr\/wp-json\/wp\/v2\/posts"}],"about":[{"href":"https:\/\/www.europesays.com\/fr\/wp-json\/wp\/v2\/types\/post"}],"author":[{"embeddable":true,"href":"https:\/\/www.europesays.com\/fr\/wp-json\/wp\/v2\/users\/2"}],"replies":[{"embeddable":true,"href":"https:\/\/www.europesays.com\/fr\/wp-json\/wp\/v2\/comments?post=157884"}],"version-history":[{"count":0,"href":"https:\/\/www.europesays.com\/fr\/wp-json\/wp\/v2\/posts\/157884\/revisions"}],"wp:featuredmedia":[{"embeddable":true,"href":"https:\/\/www.europesays.com\/fr\/wp-json\/wp\/v2\/media\/157885"}],"wp:attachment":[{"href":"https:\/\/www.europesays.com\/fr\/wp-json\/wp\/v2\/media?parent=157884"}],"wp:term":[{"taxonomy":"category","embeddable":true,"href":"https:\/\/www.europesays.com\/fr\/wp-json\/wp\/v2\/categories?post=157884"},{"taxonomy":"post_tag","embeddable":true,"href":"https:\/\/www.europesays.com\/fr\/wp-json\/wp\/v2\/tags?post=157884"}],"curies":[{"name":"wp","href":"https:\/\/api.w.org\/{rel}","templated":true}]}}