{"id":157898,"date":"2025-06-07T01:31:13","date_gmt":"2025-06-07T01:31:13","guid":{"rendered":"https:\/\/www.europesays.com\/fr\/157898\/"},"modified":"2025-06-07T01:31:13","modified_gmt":"2025-06-07T01:31:13","slug":"roland-garros-en-cas-de-sacre-dimanche-alcaraz-revele-ce-quil-fera-et-ferrero-ne-sera-pas-ravi","status":"publish","type":"post","link":"https:\/\/www.europesays.com\/fr\/157898\/","title":{"rendered":"Roland Garros > En cas de sacre dimanche, Alcaraz r\u00e9v\u00e8le ce qu&rsquo;il\u00a0fera, et Ferrero ne sera pas ravi"},"content":{"rendered":"<p>Apr\u00e8s sa quali\u00adfi\u00adca\u00adtion en finale de Roland\u2010Garros, Carlos Alcaraz \u00e9tait de passage sur le plateau de France T\u00e9l\u00e9vivision. Dans son docu\u00admen\u00adtaire Carlos Alcaraz\u00a0: My Way, dispo\u00adnible sur Netflix, le joueur montrait qu\u2019il souhai\u00adtait mener la vie d\u2019un homme de son\u00a0\u00e2ge.\u00a0<\/p>\n<p>Pour f\u00eater son premier Roland\u2010Garros, il avait fait un petit d\u00e9tour par Ibiza, r\u00e9put\u00e9e pour sa festi\u00advit\u00e9 la nuit. Questionn\u00e9 par Laurent Luyat s\u2019il comp\u00adtait r\u00e9it\u00e9rer son s\u00e9jour sur l\u2019\u00eele espa\u00adgnole, le num\u00e9ro deux mondial a confirm\u00e9 que \u00e7a fait partie de ses\u00a0plans.<\/p>\n<p>Une d\u00e9ci\u00adsion qui ne sera pas du go\u00fbt de son entra\u00ee\u00adneur Juan Carlos Ferrero. Dans le docu\u00admen\u00adtaire, il avait signifi\u00e9 pr\u00e9f\u00e9rer que son poulain se concentre direc\u00adte\u00adment sur la tourn\u00e9e sur gazon, au lieu de d\u00e9compresser.<\/p>\n<p>Laurent Luyat\u00a0:<strong> Et si vous gagnez dimanche, est\u2010ce que vous partez \u00e0 Ibiza apr\u00e8s 4 jours\u202f? Comme dans le documentaire.<\/strong><\/p>\n<p>Carlos Alcaraz\u00a0: <strong>Absolument, c\u2019est s\u00fbr. La routine, il faut savoir l\u2019ap\u00adpli\u00adquer (sourire).<\/strong><\/p>\n<p class=\"post-published-date\" style=\"color: silver; font-size: 75%; text-align: left;\">Publi\u00e9 le vendredi 6 juin 2025 \u00e0 20:04<\/p>\n","protected":false},"excerpt":{"rendered":"Apr\u00e8s sa quali\u00adfi\u00adca\u00adtion en finale de Roland\u2010Garros, Carlos Alcaraz \u00e9tait de passage sur le plateau de France T\u00e9l\u00e9vivision.&hellip;\n","protected":false},"author":2,"featured_media":157899,"comment_status":"","ping_status":"","sticky":false,"template":"","format":"standard","meta":{"footnotes":""},"categories":[1415],"tags":[1744,7275,1011,27,60,1467],"class_list":{"0":"post-157898","1":"post","2":"type-post","3":"status-publish","4":"format-standard","5":"has-post-thumbnail","7":"category-tennis","8":"tag-alcaraz","9":"tag-ferrero","10":"tag-fr","11":"tag-france","12":"tag-sports","13":"tag-tennis"},"share_on_mastodon":{"url":"https:\/\/pubeurope.com\/@fr\/114639502227863746","error":""},"_links":{"self":[{"href":"https:\/\/www.europesays.com\/fr\/wp-json\/wp\/v2\/posts\/157898","targetHints":{"allow":["GET"]}}],"collection":[{"href":"https:\/\/www.europesays.com\/fr\/wp-json\/wp\/v2\/posts"}],"about":[{"href":"https:\/\/www.europesays.com\/fr\/wp-json\/wp\/v2\/types\/post"}],"author":[{"embeddable":true,"href":"https:\/\/www.europesays.com\/fr\/wp-json\/wp\/v2\/users\/2"}],"replies":[{"embeddable":true,"href":"https:\/\/www.europesays.com\/fr\/wp-json\/wp\/v2\/comments?post=157898"}],"version-history":[{"count":0,"href":"https:\/\/www.europesays.com\/fr\/wp-json\/wp\/v2\/posts\/157898\/revisions"}],"wp:featuredmedia":[{"embeddable":true,"href":"https:\/\/www.europesays.com\/fr\/wp-json\/wp\/v2\/media\/157899"}],"wp:attachment":[{"href":"https:\/\/www.europesays.com\/fr\/wp-json\/wp\/v2\/media?parent=157898"}],"wp:term":[{"taxonomy":"category","embeddable":true,"href":"https:\/\/www.europesays.com\/fr\/wp-json\/wp\/v2\/categories?post=157898"},{"taxonomy":"post_tag","embeddable":true,"href":"https:\/\/www.europesays.com\/fr\/wp-json\/wp\/v2\/tags?post=157898"}],"curies":[{"name":"wp","href":"https:\/\/api.w.org\/{rel}","templated":true}]}}