{"id":157906,"date":"2025-06-07T01:36:07","date_gmt":"2025-06-07T01:36:07","guid":{"rendered":"https:\/\/www.europesays.com\/fr\/157906\/"},"modified":"2025-06-07T01:36:07","modified_gmt":"2025-06-07T01:36:07","slug":"psg-luis-enrique-annonce-la-couleur-pour-le-mondial-des-clubs","status":"publish","type":"post","link":"https:\/\/www.europesays.com\/fr\/157906\/","title":{"rendered":"PSG, Luis Enrique annonce la couleur pour le Mondial des clubs"},"content":{"rendered":"<p><a href=\"https:\/\/www.goal.com\/fr\/auteur\/bour-han-amoussa\/blt832e976143acfd87\" rel=\"nofollow noopener\" target=\"_blank\">Bour Han Amoussa<\/a><a class=\"tag_tag__bj3Yq component-tag h6\" title=\"Coupe du Monde des Clubs FIFA\" data-testid=\"single-tag\" data-type=\"COMPETITION\" href=\"https:\/\/www.goal.com\/fr\/coupe-du-monde-des-clubs-fifa\/cmvff99i4w10udooqckzt8c2x\" rel=\"nofollow noopener\" target=\"_blank\">Coupe du Monde des Clubs FIFA<\/a><a class=\"tag_tag__bj3Yq component-tag h6\" title=\"Paris Saint-Germain\" data-testid=\"single-tag\" data-type=\"TEAM\" href=\"https:\/\/www.goal.com\/fr\/equipe\/paris-saint-germain\/2b3mar72yy8d6uvat1ka6tn3r\" rel=\"nofollow noopener\" target=\"_blank\">Paris Saint-Germain<\/a><a class=\"tag_tag__bj3Yq component-tag h6\" title=\"Luis Enrique\" data-testid=\"single-tag\" data-type=\"PERSON\" href=\"https:\/\/www.goal.com\/fr\/joueur\/luis-enrique\/7kjko1dri52gwt39h7tpowmad\" rel=\"nofollow noopener\" target=\"_blank\">Luis Enrique<\/a><\/p>\n<p data-testid=\"article-teaser\" class=\"article_teaser__rjxUK\">A quelques jours de l\u2019ouverture de la Coupe du monde des clubs, Luis Enrique a affich\u00e9 ses ambitions avec le PSG pour la comp\u00e9tition.<\/p>\n<p><a href=\"https:\/\/www.goal.com\/fr\/listes\/le-psg-et-luis-enrique-reinventent-la-perfection\/blt6049067b50be8a28\" target=\"_self\" rel=\"nofollow noopener\">Tout juste aur\u00e9ol\u00e9 d\u2019un premier sacre en Ligue des Champions, le Paris Saint-Germain ne compte pas ralentir la cadence<\/a>. Une autre \u00e9ch\u00e9ance de prestige se profile d\u00e9j\u00e0 : la Coupe du monde des clubs. Un tournoi au format in\u00e9dit que Luis Enrique prend tr\u00e8s au s\u00e9rieux. L\u2019entra\u00eeneur espagnol n\u2019a pas cach\u00e9 ses ambitions et voit dans cette comp\u00e9tition une formidable opportunit\u00e9 d\u2019enrichir le palmar\u00e8s parisien.<\/p>\n<p><a href=\"https:\/\/dazn.prf.hn\/click\/camref:1011lG4NZ\/destination:https:\/\/www.dazn.com\/competition\/Competition:dc4k1xh2984zbypbnunk7ncic\" target=\"_blank\" class=\"affiliate-button\" rel=\"nofollow noopener\"><img loading=\"lazy\" decoding=\"async\" src=\"https:\/\/www.europesays.com\/fr\/wp-content\/uploads\/2025\/04\/DAZN.png\" width=\"72\" height=\"40\" alt=\"logo\" class=\"affiliate-logo\"\/>Regarder la Coupe du Monde des Clubs 2025 sur DAZN<\/p>\n<p>Regardez maintenant<\/p>\n<p><\/a>L&rsquo;article continue ci-dessous<\/p>\n","protected":false},"excerpt":{"rendered":"Bour Han AmoussaCoupe du Monde des Clubs FIFAParis Saint-GermainLuis Enrique A quelques jours de l\u2019ouverture de la Coupe&hellip;\n","protected":false},"author":2,"featured_media":157907,"comment_status":"","ping_status":"","sticky":false,"template":"","format":"standard","meta":{"footnotes":""},"categories":[1410],"tags":[18645,28918,63,1011,27,921,91,60],"class_list":{"0":"post-157906","1":"post","2":"type-post","3":"status-publish","4":"format-standard","5":"has-post-thumbnail","7":"category-football","8":"tag-coupe-du-monde-des-clubs-fifa","9":"tag-fifa-club-world-cup","10":"tag-football","11":"tag-fr","12":"tag-france","13":"tag-luis-enrique","14":"tag-paris-saint-germain","15":"tag-sports"},"share_on_mastodon":{"url":"","error":""},"_links":{"self":[{"href":"https:\/\/www.europesays.com\/fr\/wp-json\/wp\/v2\/posts\/157906","targetHints":{"allow":["GET"]}}],"collection":[{"href":"https:\/\/www.europesays.com\/fr\/wp-json\/wp\/v2\/posts"}],"about":[{"href":"https:\/\/www.europesays.com\/fr\/wp-json\/wp\/v2\/types\/post"}],"author":[{"embeddable":true,"href":"https:\/\/www.europesays.com\/fr\/wp-json\/wp\/v2\/users\/2"}],"replies":[{"embeddable":true,"href":"https:\/\/www.europesays.com\/fr\/wp-json\/wp\/v2\/comments?post=157906"}],"version-history":[{"count":0,"href":"https:\/\/www.europesays.com\/fr\/wp-json\/wp\/v2\/posts\/157906\/revisions"}],"wp:featuredmedia":[{"embeddable":true,"href":"https:\/\/www.europesays.com\/fr\/wp-json\/wp\/v2\/media\/157907"}],"wp:attachment":[{"href":"https:\/\/www.europesays.com\/fr\/wp-json\/wp\/v2\/media?parent=157906"}],"wp:term":[{"taxonomy":"category","embeddable":true,"href":"https:\/\/www.europesays.com\/fr\/wp-json\/wp\/v2\/categories?post=157906"},{"taxonomy":"post_tag","embeddable":true,"href":"https:\/\/www.europesays.com\/fr\/wp-json\/wp\/v2\/tags?post=157906"}],"curies":[{"name":"wp","href":"https:\/\/api.w.org\/{rel}","templated":true}]}}