{"id":157910,"date":"2025-06-07T01:38:03","date_gmt":"2025-06-07T01:38:03","guid":{"rendered":"https:\/\/www.europesays.com\/fr\/157910\/"},"modified":"2025-06-07T01:38:03","modified_gmt":"2025-06-07T01:38:03","slug":"les-recos-culture-une-retro-photo-saisissante-une-princesse-pop-funk-et-une-histoire-damour-tournee-au-camescope-quotidien","status":"publish","type":"post","link":"https:\/\/www.europesays.com\/fr\/157910\/","title":{"rendered":"Les recos culture : une r\u00e9tro photo saisissante, une princesse pop-funk et une histoire d&rsquo;amour tourn\u00e9e au cam\u00e9scope &#8211; Quotidien"},"content":{"rendered":"<p id=\"descriptionPanel\" aria-labelledby=\"descriptionArrow\" aria-expanded=\"false\" class=\"mr-2 line-clamp-2 pr-2.5 text-secondary overflow-visible\">Comme chaque semaine, Ambre Chalumeau vous pr\u00e9sente ses recos culture. Une exposition exceptionnelle d\u00e9di\u00e9e \u00e0 la photographe fran\u00e7aise Marie-Laure de Decker vient d&rsquo;ouvrir \u00e0 la Maison Europ\u00e9enne de la Photographie \u00e0 Paris. Rico Nasty, une rappeuse am\u00e9ricaine m\u00ealant pop-punk et sugar trap, a r\u00e9cemment sorti un nouvel album \u00e0 d\u00e9couvrir. Le film \u00ab\u00a0Fragments d\u2019un parcours amoureux\u00a0\u00bb de Chlo\u00e9 Barreau, qui explore des histoires d&rsquo;amour \u00e0 travers des archives personnelles, est sorti en salle cette semaine. Et enfin, l&rsquo;\u00e9crivain am\u00e9ricain Edmund White, pionnier de la litt\u00e9rature homosexuelle et auteur de nombreux ouvrages sur l&rsquo;amour et le sexe gay, est d\u00e9c\u00e9d\u00e9 \u00e0 l&rsquo;\u00e2ge de 85 ans.<br \/>En savoir plus sur <a class=\"text-white hover:text-blue-500\" href=\"https:\/\/www.tf1.fr\/dossier\/ambre-chalumeau-09617586\" target=\"_blank\" rel=\"noopener\">Ambre Chalumeau<\/a><\/p>\n<p><a class=\"shrink-0\" href=\"https:\/\/www.tf1.fr\/tmc\/quotidien-avec-yann-barthes\" target=\"_blank\" rel=\"noopener\"><img decoding=\"async\" src=\"https:\/\/www.europesays.com\/fr\/wp-content\/uploads\/2025\/04\/program-card-portrait-3-quotidien-2024-v2-66f2e9-45d01d-0@1x.jpg\" width=\"138\" height=\"184\" alt=\"\" loading=\"eager\" fetchpriority=\"auto\" class=\"aspect-[3\/4] h-24 w-auto rounded-3px\" aria-hidden=\"true\"\/><\/a><\/p>\n","protected":false},"excerpt":{"rendered":"Comme chaque semaine, Ambre Chalumeau vous pr\u00e9sente ses recos culture. Une exposition exceptionnelle d\u00e9di\u00e9e \u00e0 la photographe fran\u00e7aise&hellip;\n","protected":false},"author":2,"featured_media":157911,"comment_status":"","ping_status":"","sticky":false,"template":"","format":"standard","meta":{"footnotes":""},"categories":[1358],"tags":[1348,1384,1385,1386,58,59,3483,10698,1011,27,1404,10699,10701,10702,10700],"class_list":{"0":"post-157910","1":"post","2":"type-post","3":"status-publish","4":"format-standard","5":"has-post-thumbnail","7":"category-arts-et-design","8":"tag-arts","9":"tag-arts-and-design","10":"tag-arts-et-design","11":"tag-design","12":"tag-divertissement","13":"tag-entertainment","14":"tag-extrait","15":"tag-extrait-quotidien","16":"tag-fr","17":"tag-france","18":"tag-quotidien","19":"tag-quotidien-extrait","20":"tag-streaming-quotidien","21":"tag-video-en-streaming-quotidien","22":"tag-video-quotidien"},"share_on_mastodon":{"url":"https:\/\/pubeurope.com\/@fr\/114639529816538885","error":""},"_links":{"self":[{"href":"https:\/\/www.europesays.com\/fr\/wp-json\/wp\/v2\/posts\/157910","targetHints":{"allow":["GET"]}}],"collection":[{"href":"https:\/\/www.europesays.com\/fr\/wp-json\/wp\/v2\/posts"}],"about":[{"href":"https:\/\/www.europesays.com\/fr\/wp-json\/wp\/v2\/types\/post"}],"author":[{"embeddable":true,"href":"https:\/\/www.europesays.com\/fr\/wp-json\/wp\/v2\/users\/2"}],"replies":[{"embeddable":true,"href":"https:\/\/www.europesays.com\/fr\/wp-json\/wp\/v2\/comments?post=157910"}],"version-history":[{"count":0,"href":"https:\/\/www.europesays.com\/fr\/wp-json\/wp\/v2\/posts\/157910\/revisions"}],"wp:featuredmedia":[{"embeddable":true,"href":"https:\/\/www.europesays.com\/fr\/wp-json\/wp\/v2\/media\/157911"}],"wp:attachment":[{"href":"https:\/\/www.europesays.com\/fr\/wp-json\/wp\/v2\/media?parent=157910"}],"wp:term":[{"taxonomy":"category","embeddable":true,"href":"https:\/\/www.europesays.com\/fr\/wp-json\/wp\/v2\/categories?post=157910"},{"taxonomy":"post_tag","embeddable":true,"href":"https:\/\/www.europesays.com\/fr\/wp-json\/wp\/v2\/tags?post=157910"}],"curies":[{"name":"wp","href":"https:\/\/api.w.org\/{rel}","templated":true}]}}