{"id":157927,"date":"2025-06-07T01:49:08","date_gmt":"2025-06-07T01:49:08","guid":{"rendered":"https:\/\/www.europesays.com\/fr\/157927\/"},"modified":"2025-06-07T01:49:08","modified_gmt":"2025-06-07T01:49:08","slug":"dans-son-rapport-annuel-le-conseil-dorientation-prend-le-parti-dun-relevement-de-lage-de-depart-liberation","status":"publish","type":"post","link":"https:\/\/www.europesays.com\/fr\/157927\/","title":{"rendered":"dans son rapport annuel, le Conseil d\u2019orientation prend le parti d\u2019un rel\u00e8vement de l\u2019\u00e2ge de d\u00e9part \u2013 Lib\u00e9ration"},"content":{"rendered":"<p class=\"sc-ksZaOG ehjQrN text-element\">Lest\u00e9 d\u2019une charge explosive plus ou moins lourde selon le contexte politique, le rapport annuel du Conseil d\u2019orientation des retraites (COR) est une publication toujours scrut\u00e9e. C\u2019est encore vrai de l\u2019\u00e9dition 2025, dont la parution est pr\u00e9vue le jeudi 12 juin apr\u00e8s-midi, au moment m\u00eame o\u00f9 trois syndicats (CFDT, CFE-CGC et CFTC) et deux organisations patronales (Medef et CPME) aborderont la derni\u00e8re ligne droite de <a href=\"https:\/\/www.liberation.fr\/economie\/social\/financement-de-la-protection-sociale-pilotage-capitalisation-le-conclave-sur-les-retraites-voit-il-trop-grand-20250416_UYVLGNC63VHGZPHSD5NVZXU6FE\/\" target=\"_blank\" rel=\"nofollow noopener\" title=\"https:\/\/www.liberation.fr\/economie\/social\/financement-de-la-protection-sociale-pilotage-capitalisation-le-conclave-sur-les-retraites-voit-il-trop-grand-20250416_UYVLGNC63VHGZPHSD5NVZXU6FE\/\">leurs discussions dans le cadre du \u00abconclave\u00bb<\/a>, lanc\u00e9 par <a href=\"https:\/\/www.liberation.fr\/tags\/francois-bayrou\/\" target=\"_blank\" rel=\"noreferrer nofollow noopener\" title=\"https:\/\/www.liberation.fr\/tags\/francois-bayrou\/\">Fran\u00e7ois Bayrou<\/a> pour retravailler <a href=\"https:\/\/www.liberation.fr\/tags\/reforme-des-retraites\/\" target=\"_blank\" rel=\"noreferrer nofollow noopener\" title=\"https:\/\/www.liberation.fr\/tags\/reforme-des-retraites\/\">la r\u00e9forme des retraites<\/a> de 2023.<\/p>\n<p class=\"sc-ksZaOG ehjQrN text-element\">A l\u2019heure o\u00f9 l\u2019on \u00e9crit, <a href=\"https:\/\/www.liberation.fr\/economie\/social\/a-dix-jours-de-la-fin-du-conclave-sur-les-retraites-de-faibles-espoirs-de-trouver-un-accord-20250606_UXN7TEPGFRHQLMRHTWXYSPLYJA\/\" target=\"_bla&lt;\/p&gt;&lt;\/div&gt;&lt;\/article&gt;&lt;\/div&gt;&lt;div data-fusion-lazy-id=\" f0f8vgvlad832fw=\"\" rel=\"nofollow noopener\"><\/p>\n","protected":false},"excerpt":{"rendered":"Lest\u00e9 d\u2019une charge explosive plus ou moins lourde selon le contexte politique, le rapport annuel du Conseil d\u2019orientation&hellip;\n","protected":false},"author":2,"featured_media":157928,"comment_status":"","ping_status":"","sticky":false,"template":"","format":"standard","meta":{"footnotes":""},"categories":[6],"tags":[35,33,34,1011,27,11036],"class_list":{"0":"post-157927","1":"post","2":"type-post","3":"status-publish","4":"format-standard","5":"has-post-thumbnail","7":"category-economie","8":"tag-business","9":"tag-economie","10":"tag-economy","11":"tag-fr","12":"tag-france","13":"tag-reforme-des-retraites"},"share_on_mastodon":{"url":"https:\/\/pubeurope.com\/@fr\/114639573186873314","error":""},"_links":{"self":[{"href":"https:\/\/www.europesays.com\/fr\/wp-json\/wp\/v2\/posts\/157927","targetHints":{"allow":["GET"]}}],"collection":[{"href":"https:\/\/www.europesays.com\/fr\/wp-json\/wp\/v2\/posts"}],"about":[{"href":"https:\/\/www.europesays.com\/fr\/wp-json\/wp\/v2\/types\/post"}],"author":[{"embeddable":true,"href":"https:\/\/www.europesays.com\/fr\/wp-json\/wp\/v2\/users\/2"}],"replies":[{"embeddable":true,"href":"https:\/\/www.europesays.com\/fr\/wp-json\/wp\/v2\/comments?post=157927"}],"version-history":[{"count":0,"href":"https:\/\/www.europesays.com\/fr\/wp-json\/wp\/v2\/posts\/157927\/revisions"}],"wp:featuredmedia":[{"embeddable":true,"href":"https:\/\/www.europesays.com\/fr\/wp-json\/wp\/v2\/media\/157928"}],"wp:attachment":[{"href":"https:\/\/www.europesays.com\/fr\/wp-json\/wp\/v2\/media?parent=157927"}],"wp:term":[{"taxonomy":"category","embeddable":true,"href":"https:\/\/www.europesays.com\/fr\/wp-json\/wp\/v2\/categories?post=157927"},{"taxonomy":"post_tag","embeddable":true,"href":"https:\/\/www.europesays.com\/fr\/wp-json\/wp\/v2\/tags?post=157927"}],"curies":[{"name":"wp","href":"https:\/\/api.w.org\/{rel}","templated":true}]}}