{"id":157929,"date":"2025-06-07T01:50:12","date_gmt":"2025-06-07T01:50:12","guid":{"rendered":"https:\/\/www.europesays.com\/fr\/157929\/"},"modified":"2025-06-07T01:50:12","modified_gmt":"2025-06-07T01:50:12","slug":"alerte-sur-les-nouvelles-drogues-de-synthese-qui-deferlent-sur-le-marche-europeen-liberation","status":"publish","type":"post","link":"https:\/\/www.europesays.com\/fr\/157929\/","title":{"rendered":"alerte sur les nouvelles drogues de synth\u00e8se qui d\u00e9ferlent sur le march\u00e9 europ\u00e9en \u2013 Lib\u00e9ration"},"content":{"rendered":"<p class=\"sc-ksZaOG ehjQrN text-element\"><a href=\"https:\/\/www.liberation.fr\/societe\/sante\/la-3-mmc-en-boites-de-nuit-ca-me-fait-trop-mal-au-nez-je-regrette-a-chaque-fois-20221103_F5WW6HTKJRDTZDLB67YJL3CFIM\/\" target=\"_blank\" rel=\"noopener\" title=\"https:\/\/www.liberation.fr\/societe\/sante\/la-3-mmc-en-boites-de-nuit-ca-me-fait-trop-mal-au-nez-je-regrette-a-chaque-fois-20221103_F5WW6HTKJRDTZDLB67YJL3CFIM\/\">3-MMC<\/a>, Alpha PVP, <a href=\"https:\/\/www.liberation.fr\/societe\/sante\/cocaine-rose-tucibi-que-cache-cette-substance-retrouvee-dans-le-corps-de-liam-payne-20241023_OWIRUWKEYRCMLIT5HEJTZBE3OA\/\" target=\"_blank\" rel=\"noopener\" title=\"https:\/\/www.liberation.fr\/societe\/sante\/cocaine-rose-tucibi-que-cache-cette-substance-retrouvee-dans-le-corps-de-liam-payne-20241023_OWIRUWKEYRCMLIT5HEJTZBE3OA\/\">Pink coca\u00efne<\/a>, 2-MEC, opio\u00efdes de synth\u00e8ses et autres d\u00e9riv\u00e9s de la mescaline\u2026 Les mises \u00e0 jour du dico des drogues semblent sans fin. A c\u00f4t\u00e9 des stup\u00e9fiants \u00abclassiques\u00bb tels que la coca\u00efne dont l\u2019usage est en constante augmentation en Europe, les nouveaux produits de synth\u00e8se (NPS) ont \u00e9galement trouv\u00e9 leur march\u00e9 : des consommateurs qu\u2019ils inondent de leurs mol\u00e9cules fra\u00eechement isol\u00e9es. Dans son rapport annuel publi\u00e9 jeudi 5 juin, l\u2019Agence europ\u00e9enne sur les drogues (EUDA) sonne l\u2019alerte.<\/p>\n<p class=\"sc-ksZaOG ehjQrN text-element\">\u00abL\u2019EUDA estime qu\u2019il y a eu 7 500 d\u00e9c\u00e8s li\u00e9s \u00e0 l\u2019usage de drogues en 2023\u00bb contre 7 100 en 2022 en Europe et en Turquie, des cas \u00abdans lesquels <a href=\"https:\/\/www.liberation.fr\/france\/2019\/05\/07\/opioides-les-patients-paient-l-addiction_1725537&lt;\/p&gt;&lt;\/div&gt;&lt;\/article&gt;&lt;\/div&gt;&lt;div data-fusion-lazy-id=\" f0f8vgvlad832fw=\"\" target=\"_blank\" rel=\"noopener\"><\/p>\n","protected":false},"excerpt":{"rendered":"3-MMC, Alpha PVP, Pink coca\u00efne, 2-MEC, opio\u00efdes de synth\u00e8ses et autres d\u00e9riv\u00e9s de la mescaline\u2026 Les mises \u00e0&hellip;\n","protected":false},"author":2,"featured_media":157930,"comment_status":"","ping_status":"","sticky":false,"template":"","format":"standard","meta":{"footnotes":""},"categories":[5],"tags":[11,3675,3993,3992,1011,27,14,8721,12,6996,28],"class_list":{"0":"post-157929","1":"post","2":"type-post","3":"status-publish","4":"format-standard","5":"has-post-thumbnail","7":"category-international","8":"tag-actualites","9":"tag-cannabis","10":"tag-cocaine","11":"tag-drogues","12":"tag-fr","13":"tag-france","14":"tag-international","15":"tag-narcotrafic","16":"tag-news","17":"tag-portugal","18":"tag-world"},"share_on_mastodon":{"url":"https:\/\/pubeurope.com\/@fr\/114639577001050419","error":""},"_links":{"self":[{"href":"https:\/\/www.europesays.com\/fr\/wp-json\/wp\/v2\/posts\/157929","targetHints":{"allow":["GET"]}}],"collection":[{"href":"https:\/\/www.europesays.com\/fr\/wp-json\/wp\/v2\/posts"}],"about":[{"href":"https:\/\/www.europesays.com\/fr\/wp-json\/wp\/v2\/types\/post"}],"author":[{"embeddable":true,"href":"https:\/\/www.europesays.com\/fr\/wp-json\/wp\/v2\/users\/2"}],"replies":[{"embeddable":true,"href":"https:\/\/www.europesays.com\/fr\/wp-json\/wp\/v2\/comments?post=157929"}],"version-history":[{"count":0,"href":"https:\/\/www.europesays.com\/fr\/wp-json\/wp\/v2\/posts\/157929\/revisions"}],"wp:featuredmedia":[{"embeddable":true,"href":"https:\/\/www.europesays.com\/fr\/wp-json\/wp\/v2\/media\/157930"}],"wp:attachment":[{"href":"https:\/\/www.europesays.com\/fr\/wp-json\/wp\/v2\/media?parent=157929"}],"wp:term":[{"taxonomy":"category","embeddable":true,"href":"https:\/\/www.europesays.com\/fr\/wp-json\/wp\/v2\/categories?post=157929"},{"taxonomy":"post_tag","embeddable":true,"href":"https:\/\/www.europesays.com\/fr\/wp-json\/wp\/v2\/tags?post=157929"}],"curies":[{"name":"wp","href":"https:\/\/api.w.org\/{rel}","templated":true}]}}