{"id":157931,"date":"2025-06-07T01:51:13","date_gmt":"2025-06-07T01:51:13","guid":{"rendered":"https:\/\/www.europesays.com\/fr\/157931\/"},"modified":"2025-06-07T01:51:13","modified_gmt":"2025-06-07T01:51:13","slug":"au-moins-quatre-morts-dont-un-enfant-dans-lincendie-dun-immeuble","status":"publish","type":"post","link":"https:\/\/www.europesays.com\/fr\/157931\/","title":{"rendered":"au moins quatre morts, dont un enfant, dans l&rsquo;incendie d&rsquo;un immeuble"},"content":{"rendered":"<p class=\"article-p mdl\">Le bilan provisoire est d\u00e9j\u00e0 lourd. Dans la nuit du jeudi 5 au vendredi 6 juin, un <strong>incendie<\/strong> s&rsquo;est d\u00e9clench\u00e9 au <strong>quatri\u00e8me \u00e9tage d&rsquo;une tour d&rsquo;habitation<\/strong> dans le quartier Croix-Rouge, au sud-ouest de Reims (Marne). Selon la pr\u00e9fecture, <strong>quatre personnes, dont un enfant, sont mortes<\/strong>. Un autre est port\u00e9 disparu et deux adultes ont \u00e9t\u00e9 gravement bless\u00e9s.\u00a0<\/p>\n<p class=\"article-p mdl\">Un<strong> jeune de 13 ans s&rsquo;est d\u00e9fenestr\u00e9<\/strong> et a \u00e9t\u00e9 identifi\u00e9. Il s&rsquo;agit d&rsquo;un des deux fr\u00e8res d\u00e9c\u00e9d\u00e9s. Un autre, probablement <strong>son fr\u00e8re<\/strong>, ne peut \u00eatre formellement identifi\u00e9 pour l\u2019instant. Les <strong>deux autres victimes sont un fils de 59 ans et sa m\u00e8re de 87 ans<\/strong>, asphyxi\u00e9s tous les deux, a indiqu\u00e9 le parquet de Reims.<\/p>\n<p class=\"article-p mdl\">Si \u00ab\u00a0le <strong>feu est actuellement \u00e9tein<\/strong>t, les sapeurs-pompiers continuent \u00e0 assurer la reconnaissance\u00a0\u00bb des appartements\u00a0<a class=\"link\" href=\"https:\/\/www.rtl.fr\/actu\/justice-faits-divers\/herault-important-incendie-dans-un-camping-d-agde-le-feu-fixe-7900509858\" title=\"H\u00e9rault : important incendie dans un camping d&#039;Agde, le feu fix\u00e9\" target=\"_blank\" rel=\"noopener\">incendi\u00e9s<\/a>. Au total, <strong>une quarantaine de personnes sinistr\u00e9es<\/strong> ont \u00e9t\u00e9 prises en charge par la Croix-Rouge dans un gymnase mis \u00e0 disposition par la ville.<\/p>\n<p class=\"article-p mdl\">Un important dispositif avait \u00e9t\u00e9 mis en place, puisque la pr\u00e9fecture a list\u00e9 15 v\u00e9hicules du SDIS et 62 sapeurs-pompiers mobilis\u00e9s, ainsi que 20 policiers nationaux, 20 policiers municipaux et neuf soignants du SMUR.<\/p>\n<p>    La r\u00e9daction vous recommande<\/p>\n<p class=\"s-newsletter__title\">\n                L\u2019actualit\u00e9 par la r\u00e9daction de RTL dans votre bo\u00eete mail.\n            <\/p>\n<p class=\"s-newsletter__subtitle\">\n                Gr\u00e2ce \u00e0 votre compte RTL abonnez-vous \u00e0 la newsletter RTL info pour suivre toute l&rsquo;actualit\u00e9 au quotidien\n            <\/p>\n<p>\n                                    Lire la suite\n                                <\/p>\n","protected":false},"excerpt":{"rendered":"Le bilan provisoire est d\u00e9j\u00e0 lourd. Dans la nuit du jeudi 5 au vendredi 6 juin, un incendie&hellip;\n","protected":false},"author":2,"featured_media":157932,"comment_status":"","ping_status":"","sticky":false,"template":"","format":"standard","meta":{"footnotes":""},"categories":[4],"tags":[11,118,107,1011,27,1310,5184,12,4243,25],"class_list":{"0":"post-157931","1":"post","2":"type-post","3":"status-publish","4":"format-standard","5":"has-post-thumbnail","7":"category-france","8":"tag-actualites","9":"tag-faits-divers","10":"tag-fil-info","11":"tag-fr","12":"tag-france","13":"tag-incendie","14":"tag-morts","15":"tag-news","16":"tag-reims","17":"tag-republique-francaise"},"share_on_mastodon":{"url":"https:\/\/pubeurope.com\/@fr\/114639580941356104","error":""},"_links":{"self":[{"href":"https:\/\/www.europesays.com\/fr\/wp-json\/wp\/v2\/posts\/157931","targetHints":{"allow":["GET"]}}],"collection":[{"href":"https:\/\/www.europesays.com\/fr\/wp-json\/wp\/v2\/posts"}],"about":[{"href":"https:\/\/www.europesays.com\/fr\/wp-json\/wp\/v2\/types\/post"}],"author":[{"embeddable":true,"href":"https:\/\/www.europesays.com\/fr\/wp-json\/wp\/v2\/users\/2"}],"replies":[{"embeddable":true,"href":"https:\/\/www.europesays.com\/fr\/wp-json\/wp\/v2\/comments?post=157931"}],"version-history":[{"count":0,"href":"https:\/\/www.europesays.com\/fr\/wp-json\/wp\/v2\/posts\/157931\/revisions"}],"wp:featuredmedia":[{"embeddable":true,"href":"https:\/\/www.europesays.com\/fr\/wp-json\/wp\/v2\/media\/157932"}],"wp:attachment":[{"href":"https:\/\/www.europesays.com\/fr\/wp-json\/wp\/v2\/media?parent=157931"}],"wp:term":[{"taxonomy":"category","embeddable":true,"href":"https:\/\/www.europesays.com\/fr\/wp-json\/wp\/v2\/categories?post=157931"},{"taxonomy":"post_tag","embeddable":true,"href":"https:\/\/www.europesays.com\/fr\/wp-json\/wp\/v2\/tags?post=157931"}],"curies":[{"name":"wp","href":"https:\/\/api.w.org\/{rel}","templated":true}]}}