{"id":157933,"date":"2025-06-07T01:52:11","date_gmt":"2025-06-07T01:52:11","guid":{"rendered":"https:\/\/www.europesays.com\/fr\/157933\/"},"modified":"2025-06-07T01:52:11","modified_gmt":"2025-06-07T01:52:11","slug":"pourquoi-le-secteur-touristique-de-lile-est-il-la-cible-dune-vague-dincendies-criminels-liberation","status":"publish","type":"post","link":"https:\/\/www.europesays.com\/fr\/157933\/","title":{"rendered":"pourquoi le secteur touristique de l\u2019\u00eele est-il la cible d\u2019une vague d\u2019incendies criminels\u00a0? \u2013 Lib\u00e9ration"},"content":{"rendered":"<p class=\"sc-ksZaOG ehjQrN text-element\">Depuis plusieurs jours, une odeur de plastique br\u00fbl\u00e9 m\u00eal\u00e9e \u00e0 de l\u2019essence r\u00e8gne dans le port de plaisance de Calvi (Haute-Corse). Les bateaux destin\u00e9s aux excursions en mer ont laiss\u00e9 place, \u00e7\u00e0 et l\u00e0, \u00e0 des \u00e9paves calcin\u00e9es inutilisables. Entre le mardi 3 et le mercredi 4 juin, cinq bateaux pneumatiques destin\u00e9s aux promenades en mer et un luxueux catamaran, le Dolce Vita, ont \u00e9t\u00e9 incendi\u00e9s dans cette ville situ\u00e9e sur la c\u00f4te nord-ouest de la Corse. La s\u00e9rie s\u2019est poursuivie ce vendredi avec l\u2019embrasement d\u2019une agence de location de voitures \u00e0 l\u2019a\u00e9roport de Calvi.<\/p>\n<p class=\"sc-ksZaOG ehjQrN text-element\">Hasard du calendrier, ces \u00e9v\u00e9nements interviennent en parall\u00e8le d\u2019une visite du ministre de la Justice, G\u00e9rald Darmanin, \u00e0 Bastia, qui a annonc\u00e9, jeudi 5 juin, la cr\u00e9ation d\u2019un p\u00f4le judiciaire r\u00e9gional \u00abin\u00e9dit\u00bb contre la criminalit\u00e9 organis\u00e9e. Son but : enqu\u00eater sur les extorsions et les trafics de stup\u00e9fiants. Mais aussi les incendies criminels.<\/p>\n<p class=\"sc-ksZaOG ehjQrN text-element\">Lib\u00e9 fait le point sur les \u00e9v\u00e9nements des derniers jours et les pistes envisag\u00e9es.<\/p>\n<p class=\"sc-ksZaOG ehjQrN text-element\">Les premi\u00e8res flammes sur le port de Calvi ont fait leur apparition dans la nuit du lundi 2 au mardi 3 juin. Lors de ce premier \u00e9pisode, cinq bateaux semi-rigides &#8211; des embarcations de taille moyenne d\u00e9tenues par trois soci\u00e9t\u00e9s diff\u00e9rentes &#8211; ont \u00e9t\u00e9 incendi\u00e9s par des personnes munies de bidons d\u2019essence. Une \u00e9preuve v\u00e9cue comme un \u00abchoc immense\u00bb pour les g\u00e9rants de la soci\u00e9t\u00e9 Giru Mare, propri\u00e9taire de deux \u00e9paves calcin\u00e9es. \u00abNous ne pouvons ignorer le mal qui gan<\/p>\n","protected":false},"excerpt":{"rendered":"Depuis plusieurs jours, une odeur de plastique br\u00fbl\u00e9 m\u00eal\u00e9e \u00e0 de l\u2019essence r\u00e8gne dans le port de plaisance&hellip;\n","protected":false},"author":2,"featured_media":157934,"comment_status":"","ping_status":"","sticky":false,"template":"","format":"standard","meta":{"footnotes":""},"categories":[2],"tags":[11,2517,1011,27,3642,12],"class_list":{"0":"post-157933","1":"post","2":"type-post","3":"status-publish","4":"format-standard","5":"has-post-thumbnail","7":"category-actualites","8":"tag-actualites","9":"tag-corse","10":"tag-fr","11":"tag-france","12":"tag-mafia","13":"tag-news"},"share_on_mastodon":{"url":"https:\/\/pubeurope.com\/@fr\/114639584856227115","error":""},"_links":{"self":[{"href":"https:\/\/www.europesays.com\/fr\/wp-json\/wp\/v2\/posts\/157933","targetHints":{"allow":["GET"]}}],"collection":[{"href":"https:\/\/www.europesays.com\/fr\/wp-json\/wp\/v2\/posts"}],"about":[{"href":"https:\/\/www.europesays.com\/fr\/wp-json\/wp\/v2\/types\/post"}],"author":[{"embeddable":true,"href":"https:\/\/www.europesays.com\/fr\/wp-json\/wp\/v2\/users\/2"}],"replies":[{"embeddable":true,"href":"https:\/\/www.europesays.com\/fr\/wp-json\/wp\/v2\/comments?post=157933"}],"version-history":[{"count":0,"href":"https:\/\/www.europesays.com\/fr\/wp-json\/wp\/v2\/posts\/157933\/revisions"}],"wp:featuredmedia":[{"embeddable":true,"href":"https:\/\/www.europesays.com\/fr\/wp-json\/wp\/v2\/media\/157934"}],"wp:attachment":[{"href":"https:\/\/www.europesays.com\/fr\/wp-json\/wp\/v2\/media?parent=157933"}],"wp:term":[{"taxonomy":"category","embeddable":true,"href":"https:\/\/www.europesays.com\/fr\/wp-json\/wp\/v2\/categories?post=157933"},{"taxonomy":"post_tag","embeddable":true,"href":"https:\/\/www.europesays.com\/fr\/wp-json\/wp\/v2\/tags?post=157933"}],"curies":[{"name":"wp","href":"https:\/\/api.w.org\/{rel}","templated":true}]}}